{"id":7261,"date":"2015-05-14T04:53:07","date_gmt":"2015-05-14T04:53:07","guid":{"rendered":"http:\/\/www.rincondelbulla.cl\/portal\/?p=7261"},"modified":"2015-05-14T04:53:07","modified_gmt":"2015-05-14T04:53:07","slug":"luis-musrri-fue-hace-mucho-pero-no-me-dejaron-entrar-al-cda","status":"publish","type":"post","link":"http:\/\/www.rincondelbulla.cl\/portal\/2015\/05\/14\/luis-musrri-fue-hace-mucho-pero-no-me-dejaron-entrar-al-cda\/","title":{"rendered":"Luis Musrri: \u201cFue hace mucho pero no me dejaron entrar al CDA\u201d"},"content":{"rendered":"<p><a href=\"http:\/\/www.rincondelbulla.cl\/portal\/wp-content\/uploads\/2015\/05\/10382984_875124642520893_1966818600497394989_n.jpg\"><img loading=\"lazy\" decoding=\"async\" class=\"alignnone size-full wp-image-7262\" src=\"http:\/\/www.rincondelbulla.cl\/portal\/wp-content\/uploads\/2015\/05\/10382984_875124642520893_1966818600497394989_n.jpg\" alt=\"Luis Musrri\" width=\"720\" height=\"479\" srcset=\"http:\/\/www.rincondelbulla.cl\/portal\/wp-content\/uploads\/2015\/05\/10382984_875124642520893_1966818600497394989_n.jpg 720w, http:\/\/www.rincondelbulla.cl\/portal\/wp-content\/uploads\/2015\/05\/10382984_875124642520893_1966818600497394989_n-300x200.jpg 300w, http:\/\/www.rincondelbulla.cl\/portal\/wp-content\/uploads\/2015\/05\/10382984_875124642520893_1966818600497394989_n-696x463.jpg 696w, http:\/\/www.rincondelbulla.cl\/portal\/wp-content\/uploads\/2015\/05\/10382984_875124642520893_1966818600497394989_n-631x420.jpg 631w\" sizes=\"auto, (max-width: 720px) 100vw, 720px\" \/><\/a><\/p>\n<p><strong>En exclusiva, el gran capit\u00e1n aclara el tema con Rinc\u00f3n del Bulla, esto luego de que en un programa radial y en las redes sociales se hablara de que se le hab\u00eda negado el acceso al Centro Deportivo Azul.<\/strong><!--more--><\/p>\n<p>\u201cEs algo que no se entendi\u00f3 o se malinterpret\u00f3 luego de una entrevista con Claudio Palma. Ese episodio fue hace 5 o 6 a\u00f1os\u201d, as\u00ed lo afirm\u00f3 Luis Musrri, quien cuenta que esto fue cuando su hijo jugaba por las inferiores azules (sub 12 o 13), y que hoy tiene 18 a\u00f1os y milita en La Serena.<\/p>\n<p>\u201cYo dirig\u00eda a Cobresal en ese tiempo. Fui al CDA a verlo entrenar (a su hijo), me pidieron carnet y no lo portaba, no hubo caso, pregunt\u00e9 si no me conoc\u00eda y no me dejaron entrar, \u00a0me di la media vuelta y me fui. Ah\u00ed dije que no iba a ir nunca m\u00e1s, a menos que fuera un motivo muy grande. Nunca he vuelto y no lo conozco\u201d<\/p>\n<p>Musrri va m\u00e1s all\u00e1 y comenta que no hay una comunicaci\u00f3n fluida con los ex \u00eddolos del club. \u201cPara los 20 a\u00f1os del campeonato de 1994 no se comunicaron conmigo, me llamaron por un reportaje o una cosa as\u00ed, pero quedo en nada\u201d. Es m\u00e1s, el capit\u00e1n cuenta\u00a0que \u201che tenido mucho m\u00e1s acercamiento con el hincha que con Azul Azul. Yo dirig\u00ed a la U sub 14 el 2005, cuando estaba la Corfuch, ah\u00ed fui campe\u00f3n con ellos y nunca m\u00e1s pise un recinto deportivo de la U\u201d.<\/p>\n<p>\u201cHe ido un par de veces al estadio, pero no he ido m\u00e1s porque una vez tambi\u00e9n me dejaron afuera\u201d, agrega el capit\u00e1n.<\/p>\n<p>A pesar de no existir un acercamiento de la instituci\u00f3n, Luis Musrri\u00a0no oculta su amor por esta camiseta. \u201cYo soy de la U, hay cosas que se pueden cambiar como el auto o la casa, pero el amor por el equipo no se cambia jam\u00e1s. Aunque hoy en d\u00eda no somos tomados en cuenta para nada\u201d, sentenci\u00f3.<\/p>\n","protected":false},"excerpt":{"rendered":"<p>En exclusiva, el gran capit\u00e1n aclara el tema con Rinc\u00f3n del Bulla, esto luego de que en un programa radial y en las redes sociales se hablara de que se le hab\u00eda negado el acceso al Centro Deportivo Azul.<\/p>\n","protected":false},"author":65,"featured_media":7262,"comment_status":"closed","ping_status":"open","sticky":false,"template":"","format":"standard","meta":{"footnotes":""},"categories":[18],"tags":[288,400,157,401],"class_list":{"0":"post-7261","1":"post","2":"type-post","3":"status-publish","4":"format-standard","5":"has-post-thumbnail","7":"category-actualidad","8":"tag-cda","9":"tag-luis-musrri","10":"tag-portada","11":"tag-rincondelbulla"},"_links":{"self":[{"href":"http:\/\/www.rincondelbulla.cl\/portal\/wp-json\/wp\/v2\/posts\/7261","targetHints":{"allow":["GET"]}}],"collection":[{"href":"http:\/\/www.rincondelbulla.cl\/portal\/wp-json\/wp\/v2\/posts"}],"about":[{"href":"http:\/\/www.rincondelbulla.cl\/portal\/wp-json\/wp\/v2\/types\/post"}],"author":[{"embeddable":true,"href":"http:\/\/www.rincondelbulla.cl\/portal\/wp-json\/wp\/v2\/users\/65"}],"replies":[{"embeddable":true,"href":"http:\/\/www.rincondelbulla.cl\/portal\/wp-json\/wp\/v2\/comments?post=7261"}],"version-history":[{"count":2,"href":"http:\/\/www.rincondelbulla.cl\/portal\/wp-json\/wp\/v2\/posts\/7261\/revisions"}],"predecessor-version":[{"id":7264,"href":"http:\/\/www.rincondelbulla.cl\/portal\/wp-json\/wp\/v2\/posts\/7261\/revisions\/7264"}],"wp:featuredmedia":[{"embeddable":true,"href":"http:\/\/www.rincondelbulla.cl\/portal\/wp-json\/wp\/v2\/media\/7262"}],"wp:attachment":[{"href":"http:\/\/www.rincondelbulla.cl\/portal\/wp-json\/wp\/v2\/media?parent=7261"}],"wp:term":[{"taxonomy":"category","embeddable":true,"href":"http:\/\/www.rincondelbulla.cl\/portal\/wp-json\/wp\/v2\/categories?post=7261"},{"taxonomy":"post_tag","embeddable":true,"href":"http:\/\/www.rincondelbulla.cl\/portal\/wp-json\/wp\/v2\/tags?post=7261"}],"curies":[{"name":"wp","href":"https:\/\/api.w.org\/{rel}","templated":true}]}}