{"id":7274,"date":"2015-05-26T23:07:36","date_gmt":"2015-05-26T23:07:36","guid":{"rendered":"http:\/\/www.rincondelbulla.cl\/portal\/?p=7274"},"modified":"2015-05-26T23:07:36","modified_gmt":"2015-05-26T23:07:36","slug":"la-u-se-va-a-paraguay-y-jugara-con-olimpia","status":"publish","type":"post","link":"http:\/\/www.rincondelbulla.cl\/portal\/2015\/05\/26\/la-u-se-va-a-paraguay-y-jugara-con-olimpia\/","title":{"rendered":"La U se va a Paraguay y jugar\u00e1 con Olimpia"},"content":{"rendered":"<figure id=\"attachment_6759\" aria-describedby=\"caption-attachment-6759\" style=\"width: 1100px\" class=\"wp-caption aligncenter\"><a href=\"http:\/\/www.rincondelbulla.cl\/portal\/wp-content\/uploads\/2015\/01\/plantel2015-ohiggins.jpg\"><img loading=\"lazy\" decoding=\"async\" class=\"size-full wp-image-6759\" src=\"http:\/\/www.rincondelbulla.cl\/portal\/wp-content\/uploads\/2015\/01\/plantel2015-ohiggins.jpg\" alt=\"Foto: Claudio C\u00e1ceres\" width=\"1100\" height=\"700\" srcset=\"http:\/\/www.rincondelbulla.cl\/portal\/wp-content\/uploads\/2015\/01\/plantel2015-ohiggins.jpg 1100w, http:\/\/www.rincondelbulla.cl\/portal\/wp-content\/uploads\/2015\/01\/plantel2015-ohiggins-300x191.jpg 300w, http:\/\/www.rincondelbulla.cl\/portal\/wp-content\/uploads\/2015\/01\/plantel2015-ohiggins-768x489.jpg 768w, http:\/\/www.rincondelbulla.cl\/portal\/wp-content\/uploads\/2015\/01\/plantel2015-ohiggins-696x443.jpg 696w, http:\/\/www.rincondelbulla.cl\/portal\/wp-content\/uploads\/2015\/01\/plantel2015-ohiggins-1068x680.jpg 1068w, http:\/\/www.rincondelbulla.cl\/portal\/wp-content\/uploads\/2015\/01\/plantel2015-ohiggins-660x420.jpg 660w\" sizes=\"auto, (max-width: 1100px) 100vw, 1100px\" \/><\/a><figcaption id=\"caption-attachment-6759\" class=\"wp-caption-text\">Foto: Claudio C\u00e1ceres<\/figcaption><\/figure>\n<p class=\"p1\"><strong><span class=\"s1\">Los azules dividir\u00e1n su pretemporada en dos partes, una en Santiago y la otra en Ciudad del Este.<\/span><\/strong><!--more--><\/p>\n<p class=\"p1\"><span class=\"s1\">Universidad de Chile ya comienza a preparar su retorno a los entrenamientos, los dirigidos por Mart\u00edn Lasarte deben presentarse el 1 de junio para volver a los entrenamientos de cara a la temporada venidera.<\/span><\/p>\n<p class=\"p1\"><span class=\"s1\">Los azules iniciar\u00e1n los trabajos de pretemporada en el Centro Deportivo Azul, sin embargo los universitarios se ver\u00e1n imposibilitados de utilizar el CDA desde el 15 de junio, ya que \u00e9ste ser\u00e1 el centro de operaciones de la selecci\u00f3n brasile\u00f1a para la Copa Am\u00e9rica.<\/span><\/p>\n<p class=\"p1\"><span class=\"s1\">Es as\u00ed como la concesionaria que maneja los destinos de Universidad de Chile decidi\u00f3 continuar los trabajos de pretemporada<span class=\"Apple-converted-space\">\u00a0 <\/span>en tierras guaran\u00edes. Desde Azul Azul defendieron la decisi\u00f3n de viajar a Ciudad del Este, ciudad que se caracteriza por una excesiva humedad, <strong>\u201cel lugar servir\u00e1 para unir al grupo. Todos los otros factores se pueden manejar\u201d<\/strong>, se\u00f1alaron desde la concesionaria a un diario nacional.<\/span><\/p>\n<p class=\"p1\"><span class=\"s1\">La oportunidad ser\u00e1 aprovechada para que la U dispute un partido amistoso con Olimpia el pr\u00f3ximo 21 de junio, <strong>\u201cel jugar ese amistoso motiv\u00f3 a Lasarte. Olimpia es un equipo fuerte y ser\u00e1 un partido que nos aportar\u00e1 mucho\u201d<\/strong>, a\u00f1aden desde Azul Azul.<\/span><\/p>\n<p class=\"p1\"><span class=\"s1\">De esta forma la U llegar\u00eda el 15 de junio a Ciudad del Este y su estad\u00eda se extender\u00eda hasta el 21 de junio en dependencias del Complejo Internacional del Este.<\/span><\/p>\n","protected":false},"excerpt":{"rendered":"<p>Los azules dividir\u00e1n su pretemporada en dos partes, una en Santiago y la otra en Ciudad del Este.<\/p>\n","protected":false},"author":56,"featured_media":6759,"comment_status":"closed","ping_status":"open","sticky":false,"template":"","format":"standard","meta":{"footnotes":""},"categories":[18],"tags":[454,174,102,157,404,156],"class_list":{"0":"post-7274","1":"post","2":"type-post","3":"status-publish","4":"format-standard","5":"has-post-thumbnail","7":"category-actualidad","8":"tag-actualidad","9":"tag-azul-azul","10":"tag-los-de-abajo","11":"tag-portada","12":"tag-pretemporada","13":"tag-universidad-de-chile"},"_links":{"self":[{"href":"http:\/\/www.rincondelbulla.cl\/portal\/wp-json\/wp\/v2\/posts\/7274","targetHints":{"allow":["GET"]}}],"collection":[{"href":"http:\/\/www.rincondelbulla.cl\/portal\/wp-json\/wp\/v2\/posts"}],"about":[{"href":"http:\/\/www.rincondelbulla.cl\/portal\/wp-json\/wp\/v2\/types\/post"}],"author":[{"embeddable":true,"href":"http:\/\/www.rincondelbulla.cl\/portal\/wp-json\/wp\/v2\/users\/56"}],"replies":[{"embeddable":true,"href":"http:\/\/www.rincondelbulla.cl\/portal\/wp-json\/wp\/v2\/comments?post=7274"}],"version-history":[{"count":1,"href":"http:\/\/www.rincondelbulla.cl\/portal\/wp-json\/wp\/v2\/posts\/7274\/revisions"}],"predecessor-version":[{"id":7275,"href":"http:\/\/www.rincondelbulla.cl\/portal\/wp-json\/wp\/v2\/posts\/7274\/revisions\/7275"}],"wp:featuredmedia":[{"embeddable":true,"href":"http:\/\/www.rincondelbulla.cl\/portal\/wp-json\/wp\/v2\/media\/6759"}],"wp:attachment":[{"href":"http:\/\/www.rincondelbulla.cl\/portal\/wp-json\/wp\/v2\/media?parent=7274"}],"wp:term":[{"taxonomy":"category","embeddable":true,"href":"http:\/\/www.rincondelbulla.cl\/portal\/wp-json\/wp\/v2\/categories?post=7274"},{"taxonomy":"post_tag","embeddable":true,"href":"http:\/\/www.rincondelbulla.cl\/portal\/wp-json\/wp\/v2\/tags?post=7274"}],"curies":[{"name":"wp","href":"https:\/\/api.w.org\/{rel}","templated":true}]}}