{"id":7315,"date":"2015-06-20T02:25:54","date_gmt":"2015-06-20T02:25:54","guid":{"rendered":"http:\/\/www.rincondelbulla.cl\/portal\/?p=7315"},"modified":"2015-06-20T02:31:58","modified_gmt":"2015-06-20T02:31:58","slug":"la-u-ya-tiene-grupo-en-copa-chile-mts-2015-2016","status":"publish","type":"post","link":"http:\/\/www.rincondelbulla.cl\/portal\/2015\/06\/20\/la-u-ya-tiene-grupo-en-copa-chile-mts-2015-2016\/","title":{"rendered":"La \u00abU\u00bb ya tiene grupo en Copa Chile MTS 2015-2016"},"content":{"rendered":"<p><a href=\"http:\/\/www.rincondelbulla.cl\/portal\/wp-content\/uploads\/2015\/01\/celebracion12.jpg\"><img loading=\"lazy\" decoding=\"async\" class=\"alignnone size-full wp-image-6724\" src=\"http:\/\/www.rincondelbulla.cl\/portal\/wp-content\/uploads\/2015\/01\/celebracion12.jpg\" alt=\"celebracion12\" width=\"1100\" height=\"700\" srcset=\"http:\/\/www.rincondelbulla.cl\/portal\/wp-content\/uploads\/2015\/01\/celebracion12.jpg 1100w, http:\/\/www.rincondelbulla.cl\/portal\/wp-content\/uploads\/2015\/01\/celebracion12-300x191.jpg 300w, http:\/\/www.rincondelbulla.cl\/portal\/wp-content\/uploads\/2015\/01\/celebracion12-768x489.jpg 768w, http:\/\/www.rincondelbulla.cl\/portal\/wp-content\/uploads\/2015\/01\/celebracion12-696x443.jpg 696w, http:\/\/www.rincondelbulla.cl\/portal\/wp-content\/uploads\/2015\/01\/celebracion12-1068x680.jpg 1068w, http:\/\/www.rincondelbulla.cl\/portal\/wp-content\/uploads\/2015\/01\/celebracion12-660x420.jpg 660w\" sizes=\"auto, (max-width: 1100px) 100vw, 1100px\" \/><\/a><\/p>\n<p><strong>El pr\u00f3ximo mi\u00e9rcoles 08 de julio iniciari\u00e1 una nueva versi\u00f3n de la Copa Chile. Un torneo que ha sido ingrato para Universidad de Chile al menos en las \u00faltimas dos ediciones, y cuya \u00faltima vez fue conseguido por los azules en el a\u00f1o 2013, de la mano de Dar\u00edo Franco.<\/strong><\/p>\n<p><!--more--><\/p>\n<p>El actual vigente es la Universidad de Concepci\u00f3n, que bien recordemos logr\u00f3 vencer a Palestino en una vibrante final por marzo de este a\u00f1o.<\/p>\n<p>Los grupos ya est\u00e1n compuestos, seg\u00fan la ANFP de acuerdo a la ubicaci\u00f3n geogr\u00e1fica. De esta forma, la U tendr\u00e1 que enfrentar a <strong>O&#8217;Higgins, Curico Unido y Rangers de Talca<\/strong> para clasificar a la siguiente ronda.<\/p>\n<p>Recordemos que en la pasada edici\u00f3n los azules apenas sumaron 8 puntos, quedando fuera de la siguiente ronda en la tercera posici\u00f3n.<\/p>\n<p>El debut del rom\u00e1ntico viajero ser\u00e1 el<strong> jueves 09 de julio, en el Estadio Nacional a las 20:00 horas, frente a Curic\u00f3 Unido.<\/strong><\/p>\n<p><strong>Para revisar el resto de la programaci\u00f3n, haz click<a href=\"http:\/\/anfp.cl\/imagenes\/notas\/4%20Naciones\/Copa%20Chile%20Fase%20Grupal%20v4%20final%20ok%20FASE%20GRUPAL.pdf\"> AQUI<\/a><\/strong><\/p>\n","protected":false},"excerpt":{"rendered":"<p>El pr\u00f3ximo mi\u00e9rcoles 08 de julio iniciari\u00e1 una nueva versi\u00f3n de la Copa Chile. Un torneo que ha sido ingrato para Universidad de Chile al menos en las \u00faltimas dos ediciones, y cuya \u00faltima vez fue conseguido por los azules en el a\u00f1o 2013, de la mano de Dar\u00edo Franco.<\/p>\n","protected":false},"author":21383,"featured_media":6724,"comment_status":"closed","ping_status":"open","sticky":false,"template":"","format":"standard","meta":{"footnotes":""},"categories":[18],"tags":[454,154,157,156],"class_list":{"0":"post-7315","1":"post","2":"type-post","3":"status-publish","4":"format-standard","5":"has-post-thumbnail","7":"category-actualidad","8":"tag-actualidad","9":"tag-copa-chile","10":"tag-portada","11":"tag-universidad-de-chile"},"_links":{"self":[{"href":"http:\/\/www.rincondelbulla.cl\/portal\/wp-json\/wp\/v2\/posts\/7315","targetHints":{"allow":["GET"]}}],"collection":[{"href":"http:\/\/www.rincondelbulla.cl\/portal\/wp-json\/wp\/v2\/posts"}],"about":[{"href":"http:\/\/www.rincondelbulla.cl\/portal\/wp-json\/wp\/v2\/types\/post"}],"author":[{"embeddable":true,"href":"http:\/\/www.rincondelbulla.cl\/portal\/wp-json\/wp\/v2\/users\/21383"}],"replies":[{"embeddable":true,"href":"http:\/\/www.rincondelbulla.cl\/portal\/wp-json\/wp\/v2\/comments?post=7315"}],"version-history":[{"count":1,"href":"http:\/\/www.rincondelbulla.cl\/portal\/wp-json\/wp\/v2\/posts\/7315\/revisions"}],"predecessor-version":[{"id":7316,"href":"http:\/\/www.rincondelbulla.cl\/portal\/wp-json\/wp\/v2\/posts\/7315\/revisions\/7316"}],"wp:featuredmedia":[{"embeddable":true,"href":"http:\/\/www.rincondelbulla.cl\/portal\/wp-json\/wp\/v2\/media\/6724"}],"wp:attachment":[{"href":"http:\/\/www.rincondelbulla.cl\/portal\/wp-json\/wp\/v2\/media?parent=7315"}],"wp:term":[{"taxonomy":"category","embeddable":true,"href":"http:\/\/www.rincondelbulla.cl\/portal\/wp-json\/wp\/v2\/categories?post=7315"},{"taxonomy":"post_tag","embeddable":true,"href":"http:\/\/www.rincondelbulla.cl\/portal\/wp-json\/wp\/v2\/tags?post=7315"}],"curies":[{"name":"wp","href":"https:\/\/api.w.org\/{rel}","templated":true}]}}