{"id":7318,"date":"2015-06-22T22:26:19","date_gmt":"2015-06-22T22:26:19","guid":{"rendered":"http:\/\/www.rincondelbulla.cl\/portal\/?p=7318"},"modified":"2015-06-23T10:28:16","modified_gmt":"2015-06-23T10:28:16","slug":"la-u-volvio-al-cda-y-con-nuevo-refuerzo","status":"publish","type":"post","link":"http:\/\/www.rincondelbulla.cl\/portal\/2015\/06\/22\/la-u-volvio-al-cda-y-con-nuevo-refuerzo\/","title":{"rendered":"La U volvi\u00f3 al CDA y con nuevo refuerzo"},"content":{"rendered":"<figure id=\"attachment_5916\" aria-describedby=\"caption-attachment-5916\" style=\"width: 1100px\" class=\"wp-caption aligncenter\"><a href=\"http:\/\/www.rincondelbulla.cl\/portal\/wp-content\/uploads\/2014\/11\/patricio_rubio.jpg\"><img loading=\"lazy\" decoding=\"async\" class=\"size-full wp-image-5916\" src=\"http:\/\/www.rincondelbulla.cl\/portal\/wp-content\/uploads\/2014\/11\/patricio_rubio.jpg\" alt=\"Patricio Rubio vuelve a la U - Foto: Patricio Gonz\u00e1lez\" width=\"1100\" height=\"700\" srcset=\"http:\/\/www.rincondelbulla.cl\/portal\/wp-content\/uploads\/2014\/11\/patricio_rubio.jpg 1100w, http:\/\/www.rincondelbulla.cl\/portal\/wp-content\/uploads\/2014\/11\/patricio_rubio-300x191.jpg 300w, http:\/\/www.rincondelbulla.cl\/portal\/wp-content\/uploads\/2014\/11\/patricio_rubio-768x489.jpg 768w, http:\/\/www.rincondelbulla.cl\/portal\/wp-content\/uploads\/2014\/11\/patricio_rubio-696x443.jpg 696w, http:\/\/www.rincondelbulla.cl\/portal\/wp-content\/uploads\/2014\/11\/patricio_rubio-1068x680.jpg 1068w, http:\/\/www.rincondelbulla.cl\/portal\/wp-content\/uploads\/2014\/11\/patricio_rubio-660x420.jpg 660w\" sizes=\"auto, (max-width: 1100px) 100vw, 1100px\" \/><\/a><figcaption id=\"caption-attachment-5916\" class=\"wp-caption-text\">Patricio Rubio vuelve a la U &#8211; Foto: Patricio Gonz\u00e1lez<\/figcaption><\/figure>\n<p>&nbsp;<\/p>\n<p class=\"p1\"><strong><span class=\"s1\">Tras una semana de trabajado en Marbella como parte de la pretemporada, los azules volvieron a su casa en La Cisterna.<\/span><\/strong><!--more--><\/p>\n<p class=\"p1\"><span class=\"s1\">Tras la utilizaci\u00f3n de las dependencias del CDA por la selecci\u00f3n brasile\u00f1a y una semana de pretemporada en Marbella, los dirigidos por Mart\u00edn Lasarte volvieron este lunes a los trabajos en el reducto de la Cisterna.<\/span><\/p>\n<p class=\"p1\"><span class=\"s1\">La semana de trabajo \u00a0en la quinta regi\u00f3n dej\u00f3 un saldo positivo para los azules, tomando en cuenta los exigentes trabajos f\u00edsicos y el partido amistoso ante Quintero Unido, duelo que los azules ganaron sin mayor dificultad por 4-0.<\/span><\/p>\n<p class=\"p1\"><span class=\"s1\">Los trabajaos de pretemporada contin\u00faan en el CDA y hoy se realizaron intensos trabajos f\u00edsicos y de bal\u00f3n.<\/span><\/p>\n<p class=\"p1\"><span class=\"s1\">Los azules siguen entrenado para llegar de mejor forma a la pr\u00f3xima temporada, esta preparaci\u00f3n tiene agendado, por el momento, <strong>dos duelos amistosos. El primero de estos partidos se disputar\u00e1 ma\u00f1ana martes en el CDA (a puertas cerradas) frente al conjunto de Palestino. El otro amistoso est\u00e1 programado para el pr\u00f3ximo 27 de junio en la ciudad de Talca ante los locales de Rangers.<\/strong><\/span><\/p>\n<p class=\"p1\"><strong><span class=\"s1\">PATRICIO RUBIO YA ES AZUL<\/span><\/strong><\/p>\n<p class=\"p1\"><span class=\"s1\">Hoy se oficializ\u00f3 el pr\u00e9stamo del delantero a Universidad de Chile por 6 meses. As\u00ed lo se\u00f1al\u00f3 el Quer\u00e9taro en su cuenta oficial de Twitter: <strong>@patitorubio va a pr\u00e9stamo seis meses a la @udechile. Le deseamos lo mejor.\u00a0<\/strong><\/span><\/p>\n<p class=\"p1\"><span class=\"s1\">El delantero que fue pieza fundamental en el t\u00edtulo de los universitarios en el Apertura 2014 hab\u00eda llegado al cuadro mexicano a comienzos de este a\u00f1o, sin embargo, Rubio no tuvo mucha regularidad y s\u00f3lo anot\u00f3 tres goles en 18 duelos.<\/span><\/p>\n<p class=\"p1\"><span class=\"s1\">El artillero llega a reforzar la delantera azul de cara a las pr\u00f3ximas competencias, Torneo de Apertura 2015 y Copa Chile 2015 &#8211; 2016.<\/span><\/p>\n","protected":false},"excerpt":{"rendered":"<p>&nbsp; Tras una semana de trabajado en Marbella como parte de la pretemporada, los azules volvieron a su casa en La Cisterna.<\/p>\n","protected":false},"author":56,"featured_media":5916,"comment_status":"closed","ping_status":"open","sticky":false,"template":"","format":"standard","meta":{"footnotes":""},"categories":[18],"tags":[454,70,349,157,411,156],"class_list":{"0":"post-7318","1":"post","2":"type-post","3":"status-publish","4":"format-standard","5":"has-post-thumbnail","7":"category-actualidad","8":"tag-actualidad","9":"tag-movidas","10":"tag-patricio-rubio","11":"tag-portada","12":"tag-pretemporada-azul","13":"tag-universidad-de-chile"},"_links":{"self":[{"href":"http:\/\/www.rincondelbulla.cl\/portal\/wp-json\/wp\/v2\/posts\/7318","targetHints":{"allow":["GET"]}}],"collection":[{"href":"http:\/\/www.rincondelbulla.cl\/portal\/wp-json\/wp\/v2\/posts"}],"about":[{"href":"http:\/\/www.rincondelbulla.cl\/portal\/wp-json\/wp\/v2\/types\/post"}],"author":[{"embeddable":true,"href":"http:\/\/www.rincondelbulla.cl\/portal\/wp-json\/wp\/v2\/users\/56"}],"replies":[{"embeddable":true,"href":"http:\/\/www.rincondelbulla.cl\/portal\/wp-json\/wp\/v2\/comments?post=7318"}],"version-history":[{"count":3,"href":"http:\/\/www.rincondelbulla.cl\/portal\/wp-json\/wp\/v2\/posts\/7318\/revisions"}],"predecessor-version":[{"id":7321,"href":"http:\/\/www.rincondelbulla.cl\/portal\/wp-json\/wp\/v2\/posts\/7318\/revisions\/7321"}],"wp:featuredmedia":[{"embeddable":true,"href":"http:\/\/www.rincondelbulla.cl\/portal\/wp-json\/wp\/v2\/media\/5916"}],"wp:attachment":[{"href":"http:\/\/www.rincondelbulla.cl\/portal\/wp-json\/wp\/v2\/media?parent=7318"}],"wp:term":[{"taxonomy":"category","embeddable":true,"href":"http:\/\/www.rincondelbulla.cl\/portal\/wp-json\/wp\/v2\/categories?post=7318"},{"taxonomy":"post_tag","embeddable":true,"href":"http:\/\/www.rincondelbulla.cl\/portal\/wp-json\/wp\/v2\/tags?post=7318"}],"curies":[{"name":"wp","href":"https:\/\/api.w.org\/{rel}","templated":true}]}}