{"id":7349,"date":"2015-07-06T21:27:01","date_gmt":"2015-07-06T21:27:01","guid":{"rendered":"http:\/\/www.rincondelbulla.cl\/portal\/?p=7349"},"modified":"2015-07-06T21:29:02","modified_gmt":"2015-07-06T21:29:02","slug":"renato-gonzalez-y-su-llegada-al-club-de-sus-amores-estoy-en-el-lugar-en-el-que-siempre-quise-estar","status":"publish","type":"post","link":"http:\/\/www.rincondelbulla.cl\/portal\/2015\/07\/06\/renato-gonzalez-y-su-llegada-al-club-de-sus-amores-estoy-en-el-lugar-en-el-que-siempre-quise-estar\/","title":{"rendered":"Renato Gonz\u00e1lez y su llegada a la U: \u00abEstoy en el lugar en el que siempre quise estar\u00bb"},"content":{"rendered":"<p><a href=\"http:\/\/www.rincondelbulla.cl\/portal\/wp-content\/uploads\/2015\/07\/renato-gonzlez.png\"><img loading=\"lazy\" decoding=\"async\" class=\"alignnone wp-image-7351 size-large\" src=\"http:\/\/www.rincondelbulla.cl\/portal\/wp-content\/uploads\/2015\/07\/renato-gonzlez-1200x675.png\" alt=\"renato gonzlez\" width=\"620\" height=\"349\" srcset=\"http:\/\/www.rincondelbulla.cl\/portal\/wp-content\/uploads\/2015\/07\/renato-gonzlez-1200x675.png 1200w, http:\/\/www.rincondelbulla.cl\/portal\/wp-content\/uploads\/2015\/07\/renato-gonzlez-300x169.png 300w, http:\/\/www.rincondelbulla.cl\/portal\/wp-content\/uploads\/2015\/07\/renato-gonzlez-768x432.png 768w, http:\/\/www.rincondelbulla.cl\/portal\/wp-content\/uploads\/2015\/07\/renato-gonzlez-696x391.png 696w, http:\/\/www.rincondelbulla.cl\/portal\/wp-content\/uploads\/2015\/07\/renato-gonzlez-1068x600.png 1068w, http:\/\/www.rincondelbulla.cl\/portal\/wp-content\/uploads\/2015\/07\/renato-gonzlez-747x420.png 747w, http:\/\/www.rincondelbulla.cl\/portal\/wp-content\/uploads\/2015\/07\/renato-gonzlez.png 1366w\" sizes=\"auto, (max-width: 620px) 100vw, 620px\" \/><\/a><\/p>\n<p><strong>Universidad de Chile prepara con todo su segundo semestre. Una pretemporada intensa y varios partidos amistosos en el cuerpo son los que suman los azules. Tema aparte son las incorporaciones que anhela Lasarte y que de a poco se van acoplando al equipo.<\/strong><\/p>\n<p><!--more--><\/p>\n<p>Varios son los nombres que han sonado como refuerzos en el equipo azul. Rodrigo Tello, Mat\u00edas Rodr\u00edguez, Edson Puch, Christian Cueva, entre otros. Pero los que concretamente han llegado al rom\u00e1ntico viajero, son tres: Patricio Rubio, Leonardo Valencia y Renato Gonz\u00e1lez.<\/p>\n<p>Este \u00faltimo, proveniente de San Marcos de Arica, lleg\u00f3 a pr\u00e9stamo por un a\u00f1o a defender el cuadro que seg\u00fan el mismo declara \u00abel de sus amores\u00bb.<\/p>\n<p>En una exclusiva <a href=\"https:\/\/www.youtube.com\/watch?v=92lzLso266I\">entrevista <\/a>con el sitio oficial de la U, el volante afirm\u00f3 estar contento de estar \u00ab<strong>en el lugar que siempre quiso estar<\/strong>\u00ab. Adem\u00e1s, Gonz\u00e1lez afirm\u00f3 que lo dejar\u00e1 todo en la cancha, agregando que \u00ab<strong>por ganas y por rendimiento no me quedar\u00e9 atr\u00e1s\u00bb.<\/strong><\/p>\n<p>El ex jugador del cuadro arique\u00f1o espera que sea un buen campeonato para los azules y prometi\u00f3 a los fan\u00e1ticos que tanto el equipo como \u00e9l lo dejar\u00e1n todo en cancha: <strong>\u00abEstoy con todas las ganas y la ilusi\u00f3n de estar en el equipo de mis amores. Es un sue\u00f1o de toda la vida que se est\u00e1 cumpliendo\u00bb.<\/strong><\/p>\n<p>Recordemos que el cuadro m\u00e1gico inicia este<strong> jueves 9 de julio su participaci\u00f3n en Copa Chile, recibiendo al cuadro de Curic\u00f3 Unido en el Estadio Nacional a las 20:00 horas<\/strong>. Para m\u00e1s informaci\u00f3n sobre las entradas, pincha <a href=\"http:\/\/www.puntoticket.com\/Evento.aspx?EventoID=UCH054\"><strong>AQU\u00cd<\/strong><\/a><\/p>\n<p>&nbsp;<\/p>\n<p>&nbsp;<\/p>\n","protected":false},"excerpt":{"rendered":"<p>Universidad de Chile prepara con todo su segundo semestre. Una pretemporada intensa y varios partidos amistosos en el cuerpo son los que suman los azules. Tema aparte son las incorporaciones que anhela Lasarte y que de a poco se van acoplando al equipo.<\/p>\n","protected":false},"author":21383,"featured_media":7284,"comment_status":"closed","ping_status":"open","sticky":false,"template":"","format":"standard","meta":{"footnotes":""},"categories":[18],"tags":[],"class_list":{"0":"post-7349","1":"post","2":"type-post","3":"status-publish","4":"format-standard","5":"has-post-thumbnail","7":"category-actualidad"},"_links":{"self":[{"href":"http:\/\/www.rincondelbulla.cl\/portal\/wp-json\/wp\/v2\/posts\/7349","targetHints":{"allow":["GET"]}}],"collection":[{"href":"http:\/\/www.rincondelbulla.cl\/portal\/wp-json\/wp\/v2\/posts"}],"about":[{"href":"http:\/\/www.rincondelbulla.cl\/portal\/wp-json\/wp\/v2\/types\/post"}],"author":[{"embeddable":true,"href":"http:\/\/www.rincondelbulla.cl\/portal\/wp-json\/wp\/v2\/users\/21383"}],"replies":[{"embeddable":true,"href":"http:\/\/www.rincondelbulla.cl\/portal\/wp-json\/wp\/v2\/comments?post=7349"}],"version-history":[{"count":4,"href":"http:\/\/www.rincondelbulla.cl\/portal\/wp-json\/wp\/v2\/posts\/7349\/revisions"}],"predecessor-version":[{"id":7355,"href":"http:\/\/www.rincondelbulla.cl\/portal\/wp-json\/wp\/v2\/posts\/7349\/revisions\/7355"}],"wp:featuredmedia":[{"embeddable":true,"href":"http:\/\/www.rincondelbulla.cl\/portal\/wp-json\/wp\/v2\/media\/7284"}],"wp:attachment":[{"href":"http:\/\/www.rincondelbulla.cl\/portal\/wp-json\/wp\/v2\/media?parent=7349"}],"wp:term":[{"taxonomy":"category","embeddable":true,"href":"http:\/\/www.rincondelbulla.cl\/portal\/wp-json\/wp\/v2\/categories?post=7349"},{"taxonomy":"post_tag","embeddable":true,"href":"http:\/\/www.rincondelbulla.cl\/portal\/wp-json\/wp\/v2\/tags?post=7349"}],"curies":[{"name":"wp","href":"https:\/\/api.w.org\/{rel}","templated":true}]}}