{"id":7405,"date":"2015-07-20T11:33:35","date_gmt":"2015-07-20T11:33:35","guid":{"rendered":"http:\/\/www.rincondelbulla.cl\/portal\/?p=7405"},"modified":"2015-07-20T11:33:35","modified_gmt":"2015-07-20T11:33:35","slug":"matias-rodriguez-fue-presentado-como-nuevo-refuerzo-azul","status":"publish","type":"post","link":"http:\/\/www.rincondelbulla.cl\/portal\/2015\/07\/20\/matias-rodriguez-fue-presentado-como-nuevo-refuerzo-azul\/","title":{"rendered":"Mat\u00edas Rodr\u00edguez fue presentado como nuevo refuerzo azul"},"content":{"rendered":"<figure id=\"attachment_7406\" aria-describedby=\"caption-attachment-7406\" style=\"width: 1000px\" class=\"wp-caption aligncenter\"><a href=\"http:\/\/www.rincondelbulla.cl\/portal\/wp-content\/uploads\/2015\/07\/Mat\u00edas-Rodr\u00edguez.jpg\"><img loading=\"lazy\" decoding=\"async\" class=\"size-full wp-image-7406\" src=\"http:\/\/www.rincondelbulla.cl\/portal\/wp-content\/uploads\/2015\/07\/Mat\u00edas-Rodr\u00edguez.jpg\" alt=\"Mat\u00edas Rodr\u00edguez vuelve a su casa - Foto: Claudio C\u00e1ceres\" width=\"1000\" height=\"667\" srcset=\"http:\/\/www.rincondelbulla.cl\/portal\/wp-content\/uploads\/2015\/07\/Mat\u00edas-Rodr\u00edguez.jpg 1000w, http:\/\/www.rincondelbulla.cl\/portal\/wp-content\/uploads\/2015\/07\/Mat\u00edas-Rodr\u00edguez-300x200.jpg 300w, http:\/\/www.rincondelbulla.cl\/portal\/wp-content\/uploads\/2015\/07\/Mat\u00edas-Rodr\u00edguez-768x512.jpg 768w, http:\/\/www.rincondelbulla.cl\/portal\/wp-content\/uploads\/2015\/07\/Mat\u00edas-Rodr\u00edguez-696x464.jpg 696w, http:\/\/www.rincondelbulla.cl\/portal\/wp-content\/uploads\/2015\/07\/Mat\u00edas-Rodr\u00edguez-630x420.jpg 630w\" sizes=\"auto, (max-width: 1000px) 100vw, 1000px\" \/><\/a><figcaption id=\"caption-attachment-7406\" class=\"wp-caption-text\">Mat\u00edas Rodr\u00edguez vuelve a su casa &#8211; Foto: Claudio C\u00e1ceres<\/figcaption><\/figure>\n<p>&nbsp;<\/p>\n<p class=\"p1\"><strong><span class=\"s1\">El lateral argentino ya es el nuevo refuerzo de los azules. El Mati vuelve a su casa.<\/span><\/strong><!--more--><\/p>\n<p class=\"p1\">\n<p class=\"p1\"><span class=\"s1\">En la antesala del partido con O\u201dHiggins fue presentado el lateral argentino Mat\u00edas Rodriguez, el jugador logr\u00f3 concretar su ansiado retorno a los azules tras lograr desvincularse de Gremio y alcanzar un acuerdo con Sampdoria.<\/span><\/p>\n<p class=\"p1\"><span class=\"s1\">Rodr\u00edguez destac\u00f3 el campa\u00f1a m\u00e1s triunfal en la historia de las huestes azules, fue multicampe\u00f3n en el torneo local y campe\u00f3n continental el a\u00f1o 2011.<\/span><\/p>\n<p class=\"p1\"><span class=\"s1\">Para el Mati no ocult\u00f3 su alegr\u00eda de volver a vestir la camiseta azul, <strong>\u201ces una alegr\u00eda muy grande volver. S\u00e9 del esfuerzo que se hizo. Hoy d\u00eda es una realidad y espero retribuirle el cari\u00f1o a la gente\u201d<\/strong>, declar\u00f3 el jugador tras ser presentado en la sala de prensa del Estadio Nacional.<\/span><\/p>\n<p class=\"p1\"><span class=\"s1\">El multicampe\u00f3n azul es consiente que volver a la U significar\u00e1 demostrar el mismo o un mejor nivel de juego alcanzado en la era Sampaoli.<\/span><\/p>\n<p class=\"p1\">El nuevo jugador azul tambi\u00e9n tuvo palabras para la posici\u00f3n de juego que utilizar\u00e1 en el equipo de Mart\u00edn Lasarte, tomando en cuenta la \u201cexcesiva\u201d presencia de laterales en el equipo azul, <strong>\u201ccuando llegu\u00e9 por primera vez, en 2010, me toc\u00f3 jugar harto de lateral izquierdo. Lo puedo hacer de nuevo, lo \u00fanico que quiero es jugar, aportar a este equipo y sumar en todos los frentes\u201d<\/strong>, aunque no descart\u00f3 cumplir con la funci\u00f3n de zaguero central si el t\u00e9cnico lo requiere.<\/p>\n<p class=\"p1\"><span class=\"s1\">Tambi\u00e9n sabe que debe adaptarse al nuevo t\u00e9cnico y al equipo actual, <strong>\u201cme adaptar\u00e9 al &#8216;profe&#8217; y trataremos de lograr los objetivos, que son el Torneo Nacional, la Copa Chile y haremos todo para llegar a la final\u201d<\/strong>, sentenci\u00f3\u00a0\u201cMaticrack\u201d.<\/span><\/p>\n<p class=\"p1\">\n","protected":false},"excerpt":{"rendered":"<p>&nbsp; El lateral argentino ya es el nuevo refuerzo de los azules. El Mati vuelve a su casa.<\/p>\n","protected":false},"author":56,"featured_media":7406,"comment_status":"closed","ping_status":"open","sticky":false,"template":"","format":"standard","meta":{"footnotes":""},"categories":[18],"tags":[454,65,70,157,156],"class_list":{"0":"post-7405","1":"post","2":"type-post","3":"status-publish","4":"format-standard","5":"has-post-thumbnail","7":"category-actualidad","8":"tag-actualidad","9":"tag-matias-rodriguez","10":"tag-movidas","11":"tag-portada","12":"tag-universidad-de-chile"},"_links":{"self":[{"href":"http:\/\/www.rincondelbulla.cl\/portal\/wp-json\/wp\/v2\/posts\/7405","targetHints":{"allow":["GET"]}}],"collection":[{"href":"http:\/\/www.rincondelbulla.cl\/portal\/wp-json\/wp\/v2\/posts"}],"about":[{"href":"http:\/\/www.rincondelbulla.cl\/portal\/wp-json\/wp\/v2\/types\/post"}],"author":[{"embeddable":true,"href":"http:\/\/www.rincondelbulla.cl\/portal\/wp-json\/wp\/v2\/users\/56"}],"replies":[{"embeddable":true,"href":"http:\/\/www.rincondelbulla.cl\/portal\/wp-json\/wp\/v2\/comments?post=7405"}],"version-history":[{"count":1,"href":"http:\/\/www.rincondelbulla.cl\/portal\/wp-json\/wp\/v2\/posts\/7405\/revisions"}],"predecessor-version":[{"id":7407,"href":"http:\/\/www.rincondelbulla.cl\/portal\/wp-json\/wp\/v2\/posts\/7405\/revisions\/7407"}],"wp:featuredmedia":[{"embeddable":true,"href":"http:\/\/www.rincondelbulla.cl\/portal\/wp-json\/wp\/v2\/media\/7406"}],"wp:attachment":[{"href":"http:\/\/www.rincondelbulla.cl\/portal\/wp-json\/wp\/v2\/media?parent=7405"}],"wp:term":[{"taxonomy":"category","embeddable":true,"href":"http:\/\/www.rincondelbulla.cl\/portal\/wp-json\/wp\/v2\/categories?post=7405"},{"taxonomy":"post_tag","embeddable":true,"href":"http:\/\/www.rincondelbulla.cl\/portal\/wp-json\/wp\/v2\/tags?post=7405"}],"curies":[{"name":"wp","href":"https:\/\/api.w.org\/{rel}","templated":true}]}}