{"id":7452,"date":"2015-07-27T22:46:18","date_gmt":"2015-07-27T22:46:18","guid":{"rendered":"http:\/\/www.rincondelbulla.cl\/portal\/?p=7452"},"modified":"2015-07-27T23:52:38","modified_gmt":"2015-07-27T23:52:38","slug":"marca-personal-un-debut-en-deuda","status":"publish","type":"post","link":"http:\/\/www.rincondelbulla.cl\/portal\/2015\/07\/27\/marca-personal-un-debut-en-deuda\/","title":{"rendered":"Marca Personal: un debut en deuda"},"content":{"rendered":"<figure id=\"attachment_7454\" aria-describedby=\"caption-attachment-7454\" style=\"width: 1100px\" class=\"wp-caption aligncenter\"><a href=\"http:\/\/www.rincondelbulla.cl\/portal\/wp-content\/uploads\/2015\/07\/Marca-27-Julio.jpg\"><img loading=\"lazy\" decoding=\"async\" class=\"size-full wp-image-7454\" src=\"http:\/\/www.rincondelbulla.cl\/portal\/wp-content\/uploads\/2015\/07\/Marca-27-Julio.jpg\" alt=\"Guzm\u00e1n Pereira fue uno de los puntos altos de los azules - Foto: Claudio C\u00e1ceres\" width=\"1100\" height=\"733\" srcset=\"http:\/\/www.rincondelbulla.cl\/portal\/wp-content\/uploads\/2015\/07\/Marca-27-Julio.jpg 1100w, http:\/\/www.rincondelbulla.cl\/portal\/wp-content\/uploads\/2015\/07\/Marca-27-Julio-300x200.jpg 300w, http:\/\/www.rincondelbulla.cl\/portal\/wp-content\/uploads\/2015\/07\/Marca-27-Julio-768x512.jpg 768w, http:\/\/www.rincondelbulla.cl\/portal\/wp-content\/uploads\/2015\/07\/Marca-27-Julio-696x464.jpg 696w, http:\/\/www.rincondelbulla.cl\/portal\/wp-content\/uploads\/2015\/07\/Marca-27-Julio-1068x712.jpg 1068w, http:\/\/www.rincondelbulla.cl\/portal\/wp-content\/uploads\/2015\/07\/Marca-27-Julio-630x420.jpg 630w\" sizes=\"auto, (max-width: 1100px) 100vw, 1100px\" \/><\/a><figcaption id=\"caption-attachment-7454\" class=\"wp-caption-text\">Guzm\u00e1n Pereira fue uno de los puntos altos de los azules &#8211; Foto: Claudio C\u00e1ceres<\/figcaption><\/figure>\n<p><strong>Mal debut azul en el torneo, con un primer tiempo irregular donde la visita, Antofagasta, abri\u00f3 la cuenta, volvieron los fantasmas del semestre anterior. En el segundo tiempo con m\u00e1s ganas que f\u00fatbol la U consigui\u00f3 el empate y pudo quedarse con los tres puntos, pero el arquero de los nortinos fue la figura del encuentro y le dijo que no a Canales en dos ocasiones.<\/strong><!--more--><\/p>\n<p>Con un primer tiempo para el olvido, donde la U remato muy poco de distancia, los laterales subieron poco y nada, y un muy bajo nivel de Canales y Rubio, los azules pese a tener mayor posesi\u00f3n sufr\u00edan en cada contragolpe de los nortinos. Fue as\u00ed como en una pelota sacada por el portero de la visita que habilita a G\u00f3mez y este saca a pasear a Mart\u00ednez y deja solo a Aguirre para abrir el marcador.<\/p>\n<p>En el segundo tiempo la U mejor\u00f3 en cuanto a ocasiones pero Canales se canso de perder goles cantados, y fue a los 87 minutos que tras pifia del 19 azul el Conejo Ubilla abri\u00f3 la cuenta tras luchar la pelota en el piso. Este es el Marca Personal del Rinc\u00f3n Del Bulla:<\/p>\n<p><strong>25.-Johnny Herrera<\/strong>: Correcto partido del seleccionado azul. Nota 5.0<\/p>\n<p><strong>5.-Mathias Corujo:<\/strong> La constante subida de Gomes por su lado le impidi\u00f3 subir. Nota 4.0<\/p>\n<p><strong>4.-Osvaldo Gonzalez<\/strong>: Poco a poco va elevando su nivel. Nota 4.5<\/p>\n<p><strong>6.-Sebastian Mart\u00ednez:<\/strong> Le incomoda en demas\u00eda la posici\u00f3n, y en la jugada del gol se not\u00f3. Nota 3.5<\/p>\n<p><strong>13.-Diego Gonzalez:<\/strong> No maneja el puesto de lateral. Nota 3.0<\/p>\n<p><strong>20.-Rodrigo Ure\u00f1a:<\/strong> Se le han visto mejores partidos en Copa Chile. Nota 4.0<\/p>\n<p><strong>24.-Guzm\u00e1n Pereira: El mejor en el equipo azul, luchando cada pelota, subiendo r\u00e1pido para acompa\u00f1ar el las contra. Bien por el Charrua. Nota: 5.5<\/strong><\/p>\n<p><strong>22.-Gustavo Lorenzetti:<\/strong> Otro punto alto en el equipo, aunque falt\u00f3 con quien triangular. Nota 5.0<\/p>\n<p><strong>11.-Sebastian Ubilla:<\/strong> Corri\u00f3 y jug\u00f3 pegado a la banda, falt\u00f3 con quien conectarse. Nota 5.0<\/p>\n<p><strong>19.-Gustavo Canales:<\/strong> Mal partido del delantero, se perdi\u00f3 un penal y un par de ocasiones claras de gol m\u00e1s. As\u00ed son las rachas. Nota 3.5<\/p>\n<p><strong>8.-Patricio Rubio:<\/strong> No entr\u00f3 nunca en el partido. Nota 3.5<\/p>\n<p><strong>Cambios<\/strong><\/p>\n<p>&nbsp;<\/p>\n<p><strong> 10.- Renato Gonzalez (58&#8217;Por Ure\u00f1a):<\/strong> Muy movedizo el menudo volante azul, ya esta casi completamente adaptado al equipo azul. Nota 4.5<\/p>\n<p><strong>15.-Leonardo Valencia (58\u2019 Por Rubio):<\/strong> No se encontr\u00f3 con sus compa\u00f1eros y fue irrelevante. Hay que entender que era el debut del volante. Nota 3.5<\/p>\n<p><strong>27.- Leandro Benegas (74\u2019 por D.Gonzalez):<\/strong> Lucho cuanta pelota le lleg\u00f3 y por ganas no se quedo el calvo delantero azul. Nota 4.0<\/p>\n","protected":false},"excerpt":{"rendered":"<p>Mal debut azul en el torneo, con un primer tiempo irregular donde la visita, Antofagasta, abri\u00f3 la cuenta, volvieron los fantasmas del semestre anterior. En el segundo tiempo con m\u00e1s ganas que f\u00fatbol la U consigui\u00f3 el empate y pudo quedarse con los tres puntos, pero el arquero de los nortinos fue la figura del [&#8230;]<\/p>\n","protected":false},"author":21381,"featured_media":7454,"comment_status":"closed","ping_status":"open","sticky":false,"template":"","format":"standard","meta":{"footnotes":""},"categories":[18],"tags":[43,157,405],"class_list":{"0":"post-7452","1":"post","2":"type-post","3":"status-publish","4":"format-standard","5":"has-post-thumbnail","7":"category-actualidad","8":"tag-marca-personal","9":"tag-portada","10":"tag-torneo-apertura-2015-2016"},"_links":{"self":[{"href":"http:\/\/www.rincondelbulla.cl\/portal\/wp-json\/wp\/v2\/posts\/7452","targetHints":{"allow":["GET"]}}],"collection":[{"href":"http:\/\/www.rincondelbulla.cl\/portal\/wp-json\/wp\/v2\/posts"}],"about":[{"href":"http:\/\/www.rincondelbulla.cl\/portal\/wp-json\/wp\/v2\/types\/post"}],"author":[{"embeddable":true,"href":"http:\/\/www.rincondelbulla.cl\/portal\/wp-json\/wp\/v2\/users\/21381"}],"replies":[{"embeddable":true,"href":"http:\/\/www.rincondelbulla.cl\/portal\/wp-json\/wp\/v2\/comments?post=7452"}],"version-history":[{"count":3,"href":"http:\/\/www.rincondelbulla.cl\/portal\/wp-json\/wp\/v2\/posts\/7452\/revisions"}],"predecessor-version":[{"id":7456,"href":"http:\/\/www.rincondelbulla.cl\/portal\/wp-json\/wp\/v2\/posts\/7452\/revisions\/7456"}],"wp:featuredmedia":[{"embeddable":true,"href":"http:\/\/www.rincondelbulla.cl\/portal\/wp-json\/wp\/v2\/media\/7454"}],"wp:attachment":[{"href":"http:\/\/www.rincondelbulla.cl\/portal\/wp-json\/wp\/v2\/media?parent=7452"}],"wp:term":[{"taxonomy":"category","embeddable":true,"href":"http:\/\/www.rincondelbulla.cl\/portal\/wp-json\/wp\/v2\/categories?post=7452"},{"taxonomy":"post_tag","embeddable":true,"href":"http:\/\/www.rincondelbulla.cl\/portal\/wp-json\/wp\/v2\/tags?post=7452"}],"curies":[{"name":"wp","href":"https:\/\/api.w.org\/{rel}","templated":true}]}}