{"id":7457,"date":"2015-07-28T20:45:01","date_gmt":"2015-07-28T20:45:01","guid":{"rendered":"http:\/\/www.rincondelbulla.cl\/portal\/?p=7457"},"modified":"2015-07-28T20:45:01","modified_gmt":"2015-07-28T20:45:01","slug":"el-plantel-hace-su-autocritica-no-podemos-cometer-errores-si-queremos-pelear-el-torneo","status":"publish","type":"post","link":"http:\/\/www.rincondelbulla.cl\/portal\/2015\/07\/28\/el-plantel-hace-su-autocritica-no-podemos-cometer-errores-si-queremos-pelear-el-torneo\/","title":{"rendered":"El plantel hace su autocr\u00edtica: \u00abNo podemos cometer errores si queremos pelear el torneo\u201d"},"content":{"rendered":"<figure id=\"attachment_7253\" aria-describedby=\"caption-attachment-7253\" style=\"width: 960px\" class=\"wp-caption alignnone\"><a href=\"http:\/\/www.rincondelbulla.cl\/portal\/wp-content\/uploads\/2015\/05\/Guzm\u00e1n.jpg\"><img loading=\"lazy\" decoding=\"async\" class=\"size-full wp-image-7253\" src=\"http:\/\/www.rincondelbulla.cl\/portal\/wp-content\/uploads\/2015\/05\/Guzm\u00e1n.jpg\" alt=\"Foto: Patricio Gonz\u00e1lez\" width=\"960\" height=\"640\" srcset=\"http:\/\/www.rincondelbulla.cl\/portal\/wp-content\/uploads\/2015\/05\/Guzm\u00e1n.jpg 960w, http:\/\/www.rincondelbulla.cl\/portal\/wp-content\/uploads\/2015\/05\/Guzm\u00e1n-300x200.jpg 300w, http:\/\/www.rincondelbulla.cl\/portal\/wp-content\/uploads\/2015\/05\/Guzm\u00e1n-768x512.jpg 768w, http:\/\/www.rincondelbulla.cl\/portal\/wp-content\/uploads\/2015\/05\/Guzm\u00e1n-696x464.jpg 696w, http:\/\/www.rincondelbulla.cl\/portal\/wp-content\/uploads\/2015\/05\/Guzm\u00e1n-630x420.jpg 630w\" sizes=\"auto, (max-width: 960px) 100vw, 960px\" \/><\/a><figcaption id=\"caption-attachment-7253\" class=\"wp-caption-text\">El uruguayo fue autocr\u00edtico por lo demostrado ante Antofagasta y se refiri\u00f3 al partido de este mi\u00e9rcoles en Curic\u00f3. Foto: Patricio Gonz\u00e1lez<\/figcaption><\/figure>\n<p><strong>A 24 horas de enfrentar a Curic\u00f3 Unido por Copa Chile MTS 2015, Ricardo Guzm\u00e1n Pereira hizo un mea culpa de lo que sucedi\u00f3 el domingo frente a Antofagasta ene el debut del Torneo Apertura 2015-2016. Reconoci\u00f3 que no se jug\u00f3 bien y que no existe margen de error si se quiere levantar la copa.<\/strong><!--more--><\/p>\n<p>El volante uruguayo Guzm\u00e1n Pereira tuvo palabras este martes para analizar el magro empate 1-1 frente a Antofagasta, en el debut de la \u00abU\u00bb en el Torneo Apertura 2015-2016. El charr\u00faa asegur\u00f3 que <strong>\u201clo que generamos con Copa Chile se cort\u00f3 con el empate. No mostramos lo que ven\u00edamos haciendo ante Antofagasta, regalando el primer tiempo y en el segundo mostramos m\u00e1s la \u201cU\u201d que ven\u00eda jugando de antes y la que necesitamos para pelear el torneo\u201d,<\/strong> agregando que la mejor\u00eda de lo mostrado ante los nortinos <strong>\u201cpasa por corregir algunos errores que tenemos desde el primer jugador al \u00faltimo y que no podemos cometer errores si queremos pelear el torneo\u201d.<\/strong><\/p>\n<p>Sobre el partido de este mi\u00e9rcoles frente a Curic\u00f3 Unido desde las 17:30 hrs., por Copa Chile MTS 2015, Guzm\u00e1n Pereira alab\u00f3 al electo del sur y record\u00f3 el dif\u00edcil partido en la primera fecha y que t\u00e9rmino con un ag\u00f3nico triunfo de 1-0 para los azules. <strong>\u201cEs un partido cerrado, donde el que est\u00e9 m\u00e1s concentrado y cometa menos errores se lo va a llevar\u201d,<\/strong> asegur\u00f3 el contenci\u00f3n uruguayo.<\/p>\n<p>La nueva norma que obliga a los clubes a alternar jugadores sub 20, tambi\u00e9n fue tema en la conferencia del charr\u00faa. El volante dijo compartir la determinaci\u00f3n y destac\u00f3 el actuar que hasta ahora ha demostrado en cancha el juvenil Diego Rojas. <strong>\u201cDieguito est\u00e1 capacitado para pelear y ganarse un puesto sin el reglamento este\u201d<\/strong>, asegur\u00f3 Guzm\u00e1n, aunque reconoci\u00f3 que en partidos m\u00e1s trascendentes o cerrados, esta medida puede pasar la cuenta.<\/p>\n<p><strong>SALUD DEL JUVENIL JOHN SALAS EVOLUCIONA SATISFACTORIAMENTE<\/strong><\/p>\n<p>La salud del sub 19, John Salas, tambi\u00e9n es tema de preocupaci\u00f3n para el primer equipo. En palabras de Guzm\u00e1n Pereira, Salas ya estar\u00eda respondiendo a la acci\u00f3n de los antibi\u00f3ticos y se recuperar\u00eda satisfactoriamente. Recordemos que John Salas se encuentra afectado por una insuficiencia renal y permanece internado en la Cl\u00ednica D\u00e1vila.<\/p>\n","protected":false},"excerpt":{"rendered":"<p>A 24 horas de enfrentar a Curic\u00f3 Unido por Copa Chile MTS 2015, Ricardo Guzm\u00e1n Pereira hizo un mea culpa de lo que sucedi\u00f3 el domingo frente a Antofagasta ene el debut del Torneo Apertura 2015-2016. Reconoci\u00f3 que no se jug\u00f3 bien y que no existe margen de error si se quiere levantar la copa.<\/p>\n","protected":false},"author":21382,"featured_media":7410,"comment_status":"closed","ping_status":"open","sticky":false,"template":"","format":"standard","meta":{"footnotes":""},"categories":[18],"tags":[454,414,439,437,248,438,157,436,440,156],"class_list":{"0":"post-7457","1":"post","2":"type-post","3":"status-publish","4":"format-standard","5":"has-post-thumbnail","7":"category-actualidad","8":"tag-actualidad","9":"tag-copa-chile-mts-2015","10":"tag-curico","11":"tag-diego-gonzalez","12":"tag-guzman-pereria","13":"tag-john-salas","14":"tag-portada","15":"tag-torneo-de-apertura-2015-2016","16":"tag-unido","17":"tag-universidad-de-chile"},"_links":{"self":[{"href":"http:\/\/www.rincondelbulla.cl\/portal\/wp-json\/wp\/v2\/posts\/7457","targetHints":{"allow":["GET"]}}],"collection":[{"href":"http:\/\/www.rincondelbulla.cl\/portal\/wp-json\/wp\/v2\/posts"}],"about":[{"href":"http:\/\/www.rincondelbulla.cl\/portal\/wp-json\/wp\/v2\/types\/post"}],"author":[{"embeddable":true,"href":"http:\/\/www.rincondelbulla.cl\/portal\/wp-json\/wp\/v2\/users\/21382"}],"replies":[{"embeddable":true,"href":"http:\/\/www.rincondelbulla.cl\/portal\/wp-json\/wp\/v2\/comments?post=7457"}],"version-history":[{"count":1,"href":"http:\/\/www.rincondelbulla.cl\/portal\/wp-json\/wp\/v2\/posts\/7457\/revisions"}],"predecessor-version":[{"id":7458,"href":"http:\/\/www.rincondelbulla.cl\/portal\/wp-json\/wp\/v2\/posts\/7457\/revisions\/7458"}],"wp:featuredmedia":[{"embeddable":true,"href":"http:\/\/www.rincondelbulla.cl\/portal\/wp-json\/wp\/v2\/media\/7410"}],"wp:attachment":[{"href":"http:\/\/www.rincondelbulla.cl\/portal\/wp-json\/wp\/v2\/media?parent=7457"}],"wp:term":[{"taxonomy":"category","embeddable":true,"href":"http:\/\/www.rincondelbulla.cl\/portal\/wp-json\/wp\/v2\/categories?post=7457"},{"taxonomy":"post_tag","embeddable":true,"href":"http:\/\/www.rincondelbulla.cl\/portal\/wp-json\/wp\/v2\/tags?post=7457"}],"curies":[{"name":"wp","href":"https:\/\/api.w.org\/{rel}","templated":true}]}}