{"id":7466,"date":"2015-07-30T20:28:25","date_gmt":"2015-07-30T20:28:25","guid":{"rendered":"http:\/\/www.rincondelbulla.cl\/portal\/?p=7466"},"modified":"2015-07-30T20:28:25","modified_gmt":"2015-07-30T20:28:25","slug":"cristian-banana-suarez-quiere-retomar-el-nivel-mostrado-cuando-llego-a-la-u","status":"publish","type":"post","link":"http:\/\/www.rincondelbulla.cl\/portal\/2015\/07\/30\/cristian-banana-suarez-quiere-retomar-el-nivel-mostrado-cuando-llego-a-la-u\/","title":{"rendered":"Cristi\u00e1n \u201cBanana\u201d Su\u00e1rez quiere retomar el nivel mostrado cuando lleg\u00f3 a la U"},"content":{"rendered":"<figure id=\"attachment_5715\" aria-describedby=\"caption-attachment-5715\" style=\"width: 1100px\" class=\"wp-caption aligncenter\"><a href=\"http:\/\/www.rincondelbulla.cl\/portal\/wp-content\/uploads\/2014\/10\/Su\u00e1rez.jpg\"><img loading=\"lazy\" decoding=\"async\" class=\"size-full wp-image-5715\" src=\"http:\/\/www.rincondelbulla.cl\/portal\/wp-content\/uploads\/2014\/10\/Su\u00e1rez.jpg\" alt=\"El zaguero volvi\u00f3 tras cuatro mese lesionado- Foto: Patricio Gonz\u00e1lez\" width=\"1100\" height=\"733\" srcset=\"http:\/\/www.rincondelbulla.cl\/portal\/wp-content\/uploads\/2014\/10\/Su\u00e1rez.jpg 1100w, http:\/\/www.rincondelbulla.cl\/portal\/wp-content\/uploads\/2014\/10\/Su\u00e1rez-300x200.jpg 300w, http:\/\/www.rincondelbulla.cl\/portal\/wp-content\/uploads\/2014\/10\/Su\u00e1rez-768x512.jpg 768w, http:\/\/www.rincondelbulla.cl\/portal\/wp-content\/uploads\/2014\/10\/Su\u00e1rez-696x464.jpg 696w, http:\/\/www.rincondelbulla.cl\/portal\/wp-content\/uploads\/2014\/10\/Su\u00e1rez-1068x712.jpg 1068w, http:\/\/www.rincondelbulla.cl\/portal\/wp-content\/uploads\/2014\/10\/Su\u00e1rez-630x420.jpg 630w\" sizes=\"auto, (max-width: 1100px) 100vw, 1100px\" \/><\/a><figcaption id=\"caption-attachment-5715\" class=\"wp-caption-text\">El zaguero volvi\u00f3 tras cuatro mese lesionado- Foto: Patricio Gonz\u00e1lez<\/figcaption><\/figure>\n<p>&nbsp;<\/p>\n<p class=\"p1\"><strong><span class=\"s1\">Tras cuatro meses sin jugar el zaguero azul volvi\u00f3 a la titularidad en el partido ante Curic\u00f3, donde los azules se impusieron por 3-4 a los locales.<\/span><\/strong><!--more--><\/p>\n<p class=\"p1\"><span class=\"s1\">Durante la tarde de este jueves Cristi\u00e1n Su\u00e1rez habl\u00f3 en conferencia de prensa ofrecida en el Centro Deportivo Azul (CDA), luego de volver a jugar por los azules tras cuatro meses<span class=\"Apple-converted-space\">\u00a0 <\/span>que estuvo afectado por una lesi\u00f3n, el ex Cobreloa quiere retomar el nivel futbol\u00edstico alcanzado en la campa\u00f1a<span class=\"Apple-converted-space\">\u00a0 <\/span>del Apertura 2014.<\/span><\/p>\n<p class=\"p1\"><span class=\"s1\">El \u201cBanana\u201d volvi\u00f3 a jugar en el partido ante Curic\u00f3 y pese a ser el primer duelo que disputa tras su lesi\u00f3n no qued\u00f3 del todo conforme, <strong>\u201cme sent\u00ed al debe. Si bien fue mi primer partido despu\u00e9s de cuatro meses, estoy falto de tiempo\u201d<\/strong>, se\u00f1al\u00f3 el zaguero.<\/span><\/p>\n<p class=\"p1\"><span class=\"s1\">En relaci\u00f3n al juego mostrado por el conjunto del equipo, Su\u00e1rez fue muy autocr\u00edtico,<strong> \u201c (el equipo) no se fue conforme con el partido que hicimos (ante Curic\u00f3). Si bien se gan\u00f3, lo hicimos con lo justo. El grupo est\u00e1 al debe con el rendimiento<\/strong>\u201d, a\u00f1adi\u00f3, y en relaci\u00f3n al juego mostrado por la zaga azul dijo, <strong>\u201ccomo defensa estamos dando muchas regal\u00edas y el rival las est\u00e1 aprovechando y terminamos peligrando\u201d<\/strong>.<\/span><\/p>\n<p class=\"p1\"><span class=\"s1\">El ex Cobreloa cree que el equipo a\u00fan no encuentra el juego que quiere mart\u00edn Lasarte y en ese sentido, Su\u00e1rez se refiri\u00f3 a la incorporaci\u00f3n de jugadores que a\u00fan no no ven f\u00fatbol en la actual temporada, <strong>\u201c(Jos\u00e9) Rojas y (Mat\u00edas) Rodr\u00edguez ser\u00e1n protagonistas en el plantel, pero estamos al debe con nosotros mismos. Tenemos plantel para pelear mucho m\u00e1s arriba. Hay que seguir trabajando\u201d<\/strong>, comento el zaguero azul.<\/span><\/p>\n<p class=\"p1\"><span class=\"s1\">Cristi\u00e1n Su\u00e1rez no escondi\u00f3 su felicidad por el momento que vive el reci\u00e9n incorporado refuerzo azul Renato Gonz\u00e1lez, <strong>\u201cRenato se ha adaptado r\u00e1pido al grupo. En Arica demostr\u00f3 que tiene mucha calidad, mucha entrega y que le dar\u00e1 mucho al equipo. Estoy feliz por \u00e9l, por su gol\u201d<\/strong>, sostuvo.<\/span><\/p>\n<p class=\"p1\"><span class=\"s1\">Los azules deben enfrentar su pr\u00f3ximo desali\u00f1o por Copa Chile este s\u00e1bado a las 18:00 hrs. ante Rangers en el Estadio Nacional, los dirigidos por Mart\u00edn Lasarte saltar\u00e1n al pasto de \u00d1u\u00f1oa con la tranquilidad de estar clasificados para la segunda ronda del torneo.<\/span><\/p>\n<p class=\"p1\">\n<p class=\"p1\">\n","protected":false},"excerpt":{"rendered":"<p>&nbsp; Tras cuatro meses sin jugar el zaguero azul volvi\u00f3 a la titularidad en el partido ante Curic\u00f3, donde los azules se impusieron por 3-4 a los locales.<\/p>\n","protected":false},"author":56,"featured_media":5715,"comment_status":"closed","ping_status":"open","sticky":false,"template":"","format":"standard","meta":{"footnotes":""},"categories":[18],"tags":[454,154,157,441,156],"class_list":{"0":"post-7466","1":"post","2":"type-post","3":"status-publish","4":"format-standard","5":"has-post-thumbnail","7":"category-actualidad","8":"tag-actualidad","9":"tag-copa-chile","10":"tag-portada","11":"tag-suarez","12":"tag-universidad-de-chile"},"_links":{"self":[{"href":"http:\/\/www.rincondelbulla.cl\/portal\/wp-json\/wp\/v2\/posts\/7466","targetHints":{"allow":["GET"]}}],"collection":[{"href":"http:\/\/www.rincondelbulla.cl\/portal\/wp-json\/wp\/v2\/posts"}],"about":[{"href":"http:\/\/www.rincondelbulla.cl\/portal\/wp-json\/wp\/v2\/types\/post"}],"author":[{"embeddable":true,"href":"http:\/\/www.rincondelbulla.cl\/portal\/wp-json\/wp\/v2\/users\/56"}],"replies":[{"embeddable":true,"href":"http:\/\/www.rincondelbulla.cl\/portal\/wp-json\/wp\/v2\/comments?post=7466"}],"version-history":[{"count":1,"href":"http:\/\/www.rincondelbulla.cl\/portal\/wp-json\/wp\/v2\/posts\/7466\/revisions"}],"predecessor-version":[{"id":7467,"href":"http:\/\/www.rincondelbulla.cl\/portal\/wp-json\/wp\/v2\/posts\/7466\/revisions\/7467"}],"wp:featuredmedia":[{"embeddable":true,"href":"http:\/\/www.rincondelbulla.cl\/portal\/wp-json\/wp\/v2\/media\/5715"}],"wp:attachment":[{"href":"http:\/\/www.rincondelbulla.cl\/portal\/wp-json\/wp\/v2\/media?parent=7466"}],"wp:term":[{"taxonomy":"category","embeddable":true,"href":"http:\/\/www.rincondelbulla.cl\/portal\/wp-json\/wp\/v2\/categories?post=7466"},{"taxonomy":"post_tag","embeddable":true,"href":"http:\/\/www.rincondelbulla.cl\/portal\/wp-json\/wp\/v2\/tags?post=7466"}],"curies":[{"name":"wp","href":"https:\/\/api.w.org\/{rel}","templated":true}]}}