{"id":7501,"date":"2015-08-11T18:24:37","date_gmt":"2015-08-11T18:24:37","guid":{"rendered":"http:\/\/www.rincondelbulla.cl\/portal\/?p=7501"},"modified":"2015-08-11T18:26:07","modified_gmt":"2015-08-11T18:26:07","slug":"leandro-benegas-la-u-es-un-equipo-grande-y-siempre-va-a-haber-presion","status":"publish","type":"post","link":"http:\/\/www.rincondelbulla.cl\/portal\/2015\/08\/11\/leandro-benegas-la-u-es-un-equipo-grande-y-siempre-va-a-haber-presion\/","title":{"rendered":"Leandro Benegas: \u00abLa U es un equipo grande y siempre va a haber presi\u00f3n\u201d"},"content":{"rendered":"<figure id=\"attachment_6758\" aria-describedby=\"caption-attachment-6758\" style=\"width: 1100px\" class=\"wp-caption alignnone\"><a href=\"http:\/\/www.rincondelbulla.cl\/portal\/wp-content\/uploads\/2015\/01\/leandro_benegas3.jpg\"><img loading=\"lazy\" decoding=\"async\" class=\"size-full wp-image-6758\" src=\"http:\/\/www.rincondelbulla.cl\/portal\/wp-content\/uploads\/2015\/01\/leandro_benegas3.jpg\" alt=\"El delantero argentino quita dramatismo a las cr\u00edticas por el juego de los azules y conf\u00eda en que est\u00e1n las condiciones para ser campe\u00f3n. Foto: Claudio C\u00e1ceres\" width=\"1100\" height=\"700\" srcset=\"http:\/\/www.rincondelbulla.cl\/portal\/wp-content\/uploads\/2015\/01\/leandro_benegas3.jpg 1100w, http:\/\/www.rincondelbulla.cl\/portal\/wp-content\/uploads\/2015\/01\/leandro_benegas3-300x191.jpg 300w, http:\/\/www.rincondelbulla.cl\/portal\/wp-content\/uploads\/2015\/01\/leandro_benegas3-768x489.jpg 768w, http:\/\/www.rincondelbulla.cl\/portal\/wp-content\/uploads\/2015\/01\/leandro_benegas3-696x443.jpg 696w, http:\/\/www.rincondelbulla.cl\/portal\/wp-content\/uploads\/2015\/01\/leandro_benegas3-1068x680.jpg 1068w, http:\/\/www.rincondelbulla.cl\/portal\/wp-content\/uploads\/2015\/01\/leandro_benegas3-660x420.jpg 660w\" sizes=\"auto, (max-width: 1100px) 100vw, 1100px\" \/><\/a><figcaption id=\"caption-attachment-6758\" class=\"wp-caption-text\">El delantero argentino quita dramatismo a las cr\u00edticas por el juego de los azules y conf\u00eda en que est\u00e1n las condiciones para ser campe\u00f3n. Foto: Claudio C\u00e1ceres<\/figcaption><\/figure>\n<p><strong>Saben que se debe mejorar y trabajan para ello. En el plantel azul no quieren mirar el resultado del resto y solo se enfocan en su trabajo. Leandro Benegas hace una autocr\u00edtica a su labor, pero conf\u00eda en que como grupo lograran los objetivos propuestos.<\/strong><br \/>\n<!--more--><\/p>\n<p>Confiado en el potencial del plantel y asegurando que el t\u00edtulo del Torneo Apertura 2015-2016 es el objetivo, Leandro Benegas enfrent\u00f3\u00a0 a la prensa en el CDA este martes. Eso s\u00ed, el mendocino reconoci\u00f3 que se trata de un campeonato dif\u00edcil.<\/p>\n<p><!--more--><strong>\u00abVa a ser complicado este torneo, porque es corto, pero tenemos plena confianza en lo que podemos hacer nosotros.\u00a0Tenemos un equipo importante y le podemos dar pelea a quien sea\u00bb,<\/strong> dijo Benegas, al mismo tiempo que agreg\u00f3 que como grupo <strong>\u00abestamos en b\u00fasqueda de lo que podemos dar.\u00a0Cuando uno est\u00e1 con la confianza y armas para lograr las cosas, lo que hagan los dem\u00e1s no importa. Tenemos que pensar en nosotros y estar metidos en lo que tenemos que mejorar\u201d.<\/strong><\/p>\n<p>Sobre sus opciones en la titularidad, Benegas indic\u00f3 que <strong>\u00absi no me gustara ser competitivo, estar peleando todos los d\u00edas un puesto y mejorar cada d\u00eda, me hubiese quedado en Mendoza. De eso se trata en todo sentido, en el f\u00fatbol y la vida siempre hay que ir mejorando\u00bb. <\/strong>El delantero sabe del gran n\u00famero de jugadores en ataque con que cuenta la \u201cU\u201d, sumada la posible llegada de Edson Puch, lo que har\u00e1 m\u00e1s extenuante la lucha por la titularidad. Ante esto, el ariete argentino asegur\u00f3 que <strong>\u00abva a ser una pelea d\u00eda a d\u00eda y sabemos que todos est\u00e1n en un gran nivel. No inventar\u00eda nada al decir que tenemos un buen poder en ofensiva\u201d.<\/strong><\/p>\n<p>Sobre el cuestionado rendimiento de los azules en los primeros partidos de la temporada, Leandro Benegas no dud\u00f3 en ser el primero en realizar una autocr\u00edtica. Benegas dijo que como plantel <strong>\u00abestamos expuestos a los errores. En lo personal erro goles, me pierdo un pase, pero son cosas que pasan,\u00a0as\u00ed es el f\u00fatbol\u201d.<\/strong><\/p>\n<p>De la misma forma quit\u00f3 dramatismo a las cr\u00edticas sobre los resultados conseguidos hasta ahora por los azules. El delantero se\u00f1al\u00f3 que a diario <strong>\u201cescucho a mucha gente decir que la \u201cU\u201d juega mal, pero est\u00e1 bien, porque la vara de este equipo ha quedado muy alta y tiene que ganar, golear y gustar\u00bb.<\/strong> Finalmente, el mendocino asever\u00f3 que <strong>\u201ces obvio que podemos dar m\u00e1s, pero a\u00fan as\u00ed todos nosotros clasificamos a la pr\u00f3xima fase de la Copa Chile jugando mal y no perdimos ning\u00fan partido hasta ahora. Ojal\u00e1 juguemos bien dentro de poco para lograr las cosas que queramos\u00bb.<\/strong><\/p>\n<p>Consultado si el plantel de la \u201cU\u201d toma como una presi\u00f3n los resultados conseguidos hasta a hora por sus rivales directos, el delantero dijo que no lo toman as\u00ed y que \u00ab<strong>la presi\u00f3n est\u00e1 antes de empezar el torneo, la U es un equipo grande y siempre va a haber presi\u00f3n\u201d<\/strong>.<\/p>\n<p>&nbsp;<\/p>\n","protected":false},"excerpt":{"rendered":"<p>Saben que se debe mejorar y trabajan para ello. En el plantel azul no quieren mirar el resultado del resto y solo se enfocan en su trabajo. Leandro Benegas hace una autocr\u00edtica a su labor, pero conf\u00eda en que como grupo lograran los objetivos propuestos.<\/p>\n","protected":false},"author":21382,"featured_media":7215,"comment_status":"closed","ping_status":"open","sticky":false,"template":"","format":"standard","meta":{"footnotes":""},"categories":[18],"tags":[454,414,448,449,319,157,436,156],"class_list":{"0":"post-7501","1":"post","2":"type-post","3":"status-publish","4":"format-standard","5":"has-post-thumbnail","7":"category-actualidad","8":"tag-actualidad","9":"tag-copa-chile-mts-2015","10":"tag-edson-puch","11":"tag-futbol","12":"tag-leandro-benegas","13":"tag-portada","14":"tag-torneo-de-apertura-2015-2016","15":"tag-universidad-de-chile"},"_links":{"self":[{"href":"http:\/\/www.rincondelbulla.cl\/portal\/wp-json\/wp\/v2\/posts\/7501","targetHints":{"allow":["GET"]}}],"collection":[{"href":"http:\/\/www.rincondelbulla.cl\/portal\/wp-json\/wp\/v2\/posts"}],"about":[{"href":"http:\/\/www.rincondelbulla.cl\/portal\/wp-json\/wp\/v2\/types\/post"}],"author":[{"embeddable":true,"href":"http:\/\/www.rincondelbulla.cl\/portal\/wp-json\/wp\/v2\/users\/21382"}],"replies":[{"embeddable":true,"href":"http:\/\/www.rincondelbulla.cl\/portal\/wp-json\/wp\/v2\/comments?post=7501"}],"version-history":[{"count":4,"href":"http:\/\/www.rincondelbulla.cl\/portal\/wp-json\/wp\/v2\/posts\/7501\/revisions"}],"predecessor-version":[{"id":7505,"href":"http:\/\/www.rincondelbulla.cl\/portal\/wp-json\/wp\/v2\/posts\/7501\/revisions\/7505"}],"wp:featuredmedia":[{"embeddable":true,"href":"http:\/\/www.rincondelbulla.cl\/portal\/wp-json\/wp\/v2\/media\/7215"}],"wp:attachment":[{"href":"http:\/\/www.rincondelbulla.cl\/portal\/wp-json\/wp\/v2\/media?parent=7501"}],"wp:term":[{"taxonomy":"category","embeddable":true,"href":"http:\/\/www.rincondelbulla.cl\/portal\/wp-json\/wp\/v2\/categories?post=7501"},{"taxonomy":"post_tag","embeddable":true,"href":"http:\/\/www.rincondelbulla.cl\/portal\/wp-json\/wp\/v2\/tags?post=7501"}],"curies":[{"name":"wp","href":"https:\/\/api.w.org\/{rel}","templated":true}]}}