{"id":7506,"date":"2015-08-12T17:02:11","date_gmt":"2015-08-12T17:02:11","guid":{"rendered":"http:\/\/www.rincondelbulla.cl\/portal\/?p=7506"},"modified":"2016-02-25T12:51:32","modified_gmt":"2016-02-25T12:51:32","slug":"sebastian-martinez-estamos-convencidos-de-poder-sacar-esto-adelante","status":"publish","type":"post","link":"http:\/\/www.rincondelbulla.cl\/portal\/2015\/08\/12\/sebastian-martinez-estamos-convencidos-de-poder-sacar-esto-adelante\/","title":{"rendered":"Sebasti\u00e1n Mart\u00ednez: \u00abEstamos convencidos de poder sacar esto adelante\u00bb"},"content":{"rendered":"<figure id=\"attachment_7476\" aria-describedby=\"caption-attachment-7476\" style=\"width: 1000px\" class=\"wp-caption alignnone\"><a href=\"http:\/\/www.rincondelbulla.cl\/portal\/wp-content\/uploads\/2015\/08\/Formacion.jpg\"><img loading=\"lazy\" decoding=\"async\" class=\"size-full wp-image-7476\" src=\"http:\/\/www.rincondelbulla.cl\/portal\/wp-content\/uploads\/2015\/08\/Formacion.jpg\" alt=\"Universidad de Chile sigue sin convencer en la actual temporada - Foto: Claudio C\u00e1ceres\" width=\"1000\" height=\"667\" srcset=\"http:\/\/www.rincondelbulla.cl\/portal\/wp-content\/uploads\/2015\/08\/Formacion.jpg 1000w, http:\/\/www.rincondelbulla.cl\/portal\/wp-content\/uploads\/2015\/08\/Formacion-300x200.jpg 300w, http:\/\/www.rincondelbulla.cl\/portal\/wp-content\/uploads\/2015\/08\/Formacion-768x512.jpg 768w, http:\/\/www.rincondelbulla.cl\/portal\/wp-content\/uploads\/2015\/08\/Formacion-696x464.jpg 696w, http:\/\/www.rincondelbulla.cl\/portal\/wp-content\/uploads\/2015\/08\/Formacion-630x420.jpg 630w\" sizes=\"auto, (max-width: 1000px) 100vw, 1000px\" \/><\/a><figcaption id=\"caption-attachment-7476\" class=\"wp-caption-text\">El equipo saldr\u00e1 a la cancha este domingo para enfrentar a San Luis &#8211; Foto: Claudio C\u00e1ceres<\/figcaption><\/figure>\n<p><strong>Esta tarde el encargado de recibir a los medios de comunicaci\u00f3n fue Sebasti\u00e1n Mart\u00ednez. El volante se dio el tiempo de opinar sobre el actual momento azul con miras hacia el pr\u00f3ximo partido ante San Lu\u00eds de Quillota este domingo.<\/strong><\/p>\n<p><!--more--><\/p>\n<p>Con respecto al pasar del equipo, Mart\u00ednez fue sincero al admitir que hay cosas por correjir y esa es la idea tanto de \u00e9l como del plantel: \u00abEstamos convencidos de poder sacar esto adelante (&#8230;) Todos remamos para el mismo lado y darle una alegr\u00eda al hincha\u00bb.<\/p>\n<p>M\u00e1s en profundidad, el jugador recalc\u00f3 que los principales problemas de la \u00abU\u00bb, tienen que ver con la posesi\u00f3n del bal\u00f3n y especialmente el tema defensivo. \u00abHay hartos aspectos que se pueden mejorar\u00bb, se\u00f1al\u00f3.<\/p>\n<p>Sobre su experiencia en la l\u00ednea defensiva y pese a algunas cr\u00edticas del jugador en esa posici\u00f3n, el \u00abChinito\u00bb indic\u00f3 que se sinti\u00f3 c\u00f3modo, y que los momentos en que se vio inc\u00f3modo fueron jugadas fortuitas.<\/p>\n<p>En cuanto al duelo del fin de semana el mediocampista asegur\u00f3 que \u00ablos tres puntos del fin de semana son lo m\u00e1s importante ahora\u00bb.<\/p>\n<p>Para finalizar el formado en la Universidad de Chile opin\u00f3 con respecto a la inscripci\u00f3n a \u00faltimo minuto de Edson Puch, que es un jugador de mucha calidad\u00a0 que ser\u00eda muy bueno para el plantel.<\/p>\n<p>Otro que se dio el tiempo de conversar sobre el tema Puch, fue el presidente de Azul Azul, Carlos Heller, quien asegur\u00f3 que \u00abse est\u00e1n haciendo todos los esfuerzos posibles para que Puch est\u00e9 jugando la pr\u00f3xima semana con la U\u00bb.<\/p>\n<p>\u00abEl jugador se hizo los ex\u00e1menes de rigor y est\u00e1 en muy buenas condiciones f\u00edsicas\u00bb, asegur\u00f3 Heller.<\/p>\n<p>Por \u00faltimo el empresario indic\u00f3 que de no llegar ahora, lo har\u00e1 definitivamente en diciembre cuando culmine su contrato con Hurac\u00e1n de Argentina.<\/p>\n","protected":false},"excerpt":{"rendered":"<p>Esta tarde el encargado de recibir a los medios de comunicaci\u00f3n fue Sebasti\u00e1n Mart\u00ednez. El volante se dio el tiempo de opinar sobre el actual momento azul con miras hacia el pr\u00f3ximo partido ante San Lu\u00eds de Quillota este domingo.<\/p>\n","protected":false},"author":21383,"featured_media":6086,"comment_status":"closed","ping_status":"open","sticky":false,"template":"","format":"standard","meta":{"footnotes":""},"categories":[18],"tags":[454,394,157,450],"class_list":{"0":"post-7506","1":"post","2":"type-post","3":"status-publish","4":"format-standard","5":"has-post-thumbnail","7":"category-actualidad","8":"tag-actualidad","9":"tag-heller","10":"tag-portada","11":"tag-puch"},"_links":{"self":[{"href":"http:\/\/www.rincondelbulla.cl\/portal\/wp-json\/wp\/v2\/posts\/7506","targetHints":{"allow":["GET"]}}],"collection":[{"href":"http:\/\/www.rincondelbulla.cl\/portal\/wp-json\/wp\/v2\/posts"}],"about":[{"href":"http:\/\/www.rincondelbulla.cl\/portal\/wp-json\/wp\/v2\/types\/post"}],"author":[{"embeddable":true,"href":"http:\/\/www.rincondelbulla.cl\/portal\/wp-json\/wp\/v2\/users\/21383"}],"replies":[{"embeddable":true,"href":"http:\/\/www.rincondelbulla.cl\/portal\/wp-json\/wp\/v2\/comments?post=7506"}],"version-history":[{"count":1,"href":"http:\/\/www.rincondelbulla.cl\/portal\/wp-json\/wp\/v2\/posts\/7506\/revisions"}],"predecessor-version":[{"id":7507,"href":"http:\/\/www.rincondelbulla.cl\/portal\/wp-json\/wp\/v2\/posts\/7506\/revisions\/7507"}],"wp:featuredmedia":[{"embeddable":true,"href":"http:\/\/www.rincondelbulla.cl\/portal\/wp-json\/wp\/v2\/media\/6086"}],"wp:attachment":[{"href":"http:\/\/www.rincondelbulla.cl\/portal\/wp-json\/wp\/v2\/media?parent=7506"}],"wp:term":[{"taxonomy":"category","embeddable":true,"href":"http:\/\/www.rincondelbulla.cl\/portal\/wp-json\/wp\/v2\/categories?post=7506"},{"taxonomy":"post_tag","embeddable":true,"href":"http:\/\/www.rincondelbulla.cl\/portal\/wp-json\/wp\/v2\/tags?post=7506"}],"curies":[{"name":"wp","href":"https:\/\/api.w.org\/{rel}","templated":true}]}}