{"id":7512,"date":"2015-08-14T18:24:35","date_gmt":"2015-08-14T18:24:35","guid":{"rendered":"http:\/\/www.rincondelbulla.cl\/portal\/?p=7512"},"modified":"2015-08-14T18:25:56","modified_gmt":"2015-08-14T18:25:56","slug":"el-plantel-esta-inquieto-por-mejorar-lasarte-en-conferencia","status":"publish","type":"post","link":"http:\/\/www.rincondelbulla.cl\/portal\/2015\/08\/14\/el-plantel-esta-inquieto-por-mejorar-lasarte-en-conferencia\/","title":{"rendered":"\u00abEl Plantel est\u00e1 inquieto por mejorar\u00bb Lasarte en conferencia."},"content":{"rendered":"<p><a href=\"http:\/\/www.rincondelbulla.cl\/portal\/wp-content\/uploads\/2015\/07\/lasarte.jpg\"><img loading=\"lazy\" decoding=\"async\" class=\"alignnone size-full wp-image-7432\" src=\"http:\/\/www.rincondelbulla.cl\/portal\/wp-content\/uploads\/2015\/07\/lasarte.jpg\" alt=\"lasarte\" width=\"1440\" height=\"692\" srcset=\"http:\/\/www.rincondelbulla.cl\/portal\/wp-content\/uploads\/2015\/07\/lasarte.jpg 1440w, http:\/\/www.rincondelbulla.cl\/portal\/wp-content\/uploads\/2015\/07\/lasarte-300x144.jpg 300w, http:\/\/www.rincondelbulla.cl\/portal\/wp-content\/uploads\/2015\/07\/lasarte-768x369.jpg 768w, http:\/\/www.rincondelbulla.cl\/portal\/wp-content\/uploads\/2015\/07\/lasarte-1200x577.jpg 1200w, http:\/\/www.rincondelbulla.cl\/portal\/wp-content\/uploads\/2015\/07\/lasarte-696x334.jpg 696w, http:\/\/www.rincondelbulla.cl\/portal\/wp-content\/uploads\/2015\/07\/lasarte-1068x513.jpg 1068w, http:\/\/www.rincondelbulla.cl\/portal\/wp-content\/uploads\/2015\/07\/lasarte-874x420.jpg 874w\" sizes=\"auto, (max-width: 1440px) 100vw, 1440px\" \/><\/a><br \/>\n<strong>Un nueva conferencia de prensa se vivi\u00f3 hoy en el CDA de cara al duelo de este Domingo frente a San Luis en el Estadio Nacional, como todos los viernes la conferencia fue del Profesor Mart\u00edn Lasarte quien se mostr\u00f3 autocr\u00edtico del nivel mostrado azul.<\/strong><!--more--><\/p>\n<p>Comenzando la conferencia se refiri\u00f3 a la situaci\u00f3n de no haber competido la semana pasado, \u201cEs algo positivo porque en este tiempo hemos podido recuperar a jugadores que ven\u00edan volviendo de alguna lesi\u00f3n y los que llegaron al \u00faltimo tambi\u00e9n se han puesto a punto\u201d, agregando que \u00abFue bueno haber descansado, pero uno quiere competir. Sirvi\u00f3 para corregir cosas\u00bb.<\/p>\n<p>Luego se dio tiempo para analizar el rival de turno, a quienes elogi\u00f3 diciendo \u00abYo veo un equipo muy intenso, con gran manejo de la estrategia de bal\u00f3n parado, tiene variantes y tiene una cosa bastante particular: viene con una inercia ganadora, viene de ganar en su categor\u00eda inferior (la Primera B) y eso debe mantenerlo. Tiene trabajo. Es un rival de cuidado\u00bb.<\/p>\n<p>Sobre el andamiaje de los azules fue claro \u201cYo he dicho varias veces que no hemos andado bien, el equipo a jugado bien a ratos y me alegra que el plantel est\u00e9 inquieto y quiera mejorar, eso habla muy bien del grupo\u201d<\/p>\n<p>Luego se refiri\u00f3 al tema del momento en el balompi\u00e9 criollo, la situaci\u00f3n del Juvenil en cancha aclarando que \u00abes la reglamentaci\u00f3n que hay y la aceptamos. Me adapto a lo que hay y nada m\u00e1s\u00bb y luego se refiri\u00f3 a la situaci\u00f3n de Moises Villarroel, joven promesa boliviana de 17 a\u00f1os que entrena en el CDA, \u00abSu capacidad de consumo (de ox\u00edgeno) es la mejor de todo el plantel, lo estamos monitoreando constantemente y es un jugador muy interesante.\u201d cerr\u00f3 la conferencia el Charrua.<\/p>\n","protected":false},"excerpt":{"rendered":"<p>Un nueva conferencia de prensa se vivi\u00f3 hoy en el CDA de cara al duelo de este Domingo frente a San Luis en el Estadio Nacional, como todos los viernes la conferencia fue del Profesor Mart\u00edn Lasarte quien se mostr\u00f3 autocr\u00edtico del nivel mostrado azul.<\/p>\n","protected":false},"author":21381,"featured_media":7432,"comment_status":"closed","ping_status":"open","sticky":false,"template":"","format":"standard","meta":{"footnotes":""},"categories":[18],"tags":[209,224,157],"class_list":{"0":"post-7512","1":"post","2":"type-post","3":"status-publish","4":"format-standard","5":"has-post-thumbnail","7":"category-actualidad","8":"tag-conferencia-de-prensa","9":"tag-martin-lasarte","10":"tag-portada"},"_links":{"self":[{"href":"http:\/\/www.rincondelbulla.cl\/portal\/wp-json\/wp\/v2\/posts\/7512","targetHints":{"allow":["GET"]}}],"collection":[{"href":"http:\/\/www.rincondelbulla.cl\/portal\/wp-json\/wp\/v2\/posts"}],"about":[{"href":"http:\/\/www.rincondelbulla.cl\/portal\/wp-json\/wp\/v2\/types\/post"}],"author":[{"embeddable":true,"href":"http:\/\/www.rincondelbulla.cl\/portal\/wp-json\/wp\/v2\/users\/21381"}],"replies":[{"embeddable":true,"href":"http:\/\/www.rincondelbulla.cl\/portal\/wp-json\/wp\/v2\/comments?post=7512"}],"version-history":[{"count":1,"href":"http:\/\/www.rincondelbulla.cl\/portal\/wp-json\/wp\/v2\/posts\/7512\/revisions"}],"predecessor-version":[{"id":7513,"href":"http:\/\/www.rincondelbulla.cl\/portal\/wp-json\/wp\/v2\/posts\/7512\/revisions\/7513"}],"wp:featuredmedia":[{"embeddable":true,"href":"http:\/\/www.rincondelbulla.cl\/portal\/wp-json\/wp\/v2\/media\/7432"}],"wp:attachment":[{"href":"http:\/\/www.rincondelbulla.cl\/portal\/wp-json\/wp\/v2\/media?parent=7512"}],"wp:term":[{"taxonomy":"category","embeddable":true,"href":"http:\/\/www.rincondelbulla.cl\/portal\/wp-json\/wp\/v2\/categories?post=7512"},{"taxonomy":"post_tag","embeddable":true,"href":"http:\/\/www.rincondelbulla.cl\/portal\/wp-json\/wp\/v2\/tags?post=7512"}],"curies":[{"name":"wp","href":"https:\/\/api.w.org\/{rel}","templated":true}]}}