{"id":7639,"date":"2015-09-15T15:54:44","date_gmt":"2015-09-15T15:54:44","guid":{"rendered":"http:\/\/www.rincondelbulla.cl\/portal\/?p=7639"},"modified":"2015-09-15T15:54:44","modified_gmt":"2015-09-15T15:54:44","slug":"supercopa-de-chile-ya-tiene-fecha-y-lugar","status":"publish","type":"post","link":"http:\/\/www.rincondelbulla.cl\/portal\/2015\/09\/15\/supercopa-de-chile-ya-tiene-fecha-y-lugar\/","title":{"rendered":"Supercopa de Chile ya tiene fecha y lugar"},"content":{"rendered":"<figure id=\"attachment_7640\" aria-describedby=\"caption-attachment-7640\" style=\"width: 959px\" class=\"wp-caption alignnone\"><a href=\"http:\/\/www.rincondelbulla.cl\/portal\/wp-content\/uploads\/2015\/09\/Super-1.jpg\"><img loading=\"lazy\" decoding=\"async\" class=\" wp-image-7640\" src=\"http:\/\/www.rincondelbulla.cl\/portal\/wp-content\/uploads\/2015\/09\/Super-1.jpg\" alt=\"Los azules llegana  aesta instancia por ser los mejores campeones del Torneo Nacional 2014-2015. Los del Campanil por quedarse con la \u00faltima Copa Chile - Foto: www.anfp.cl\" width=\"959\" height=\"647\" srcset=\"http:\/\/www.rincondelbulla.cl\/portal\/wp-content\/uploads\/2015\/09\/Super-1.jpg 640w, http:\/\/www.rincondelbulla.cl\/portal\/wp-content\/uploads\/2015\/09\/Super-1-300x203.jpg 300w, http:\/\/www.rincondelbulla.cl\/portal\/wp-content\/uploads\/2015\/09\/Super-1-622x420.jpg 622w\" sizes=\"auto, (max-width: 959px) 100vw, 959px\" \/><\/a><figcaption id=\"caption-attachment-7640\" class=\"wp-caption-text\">Los azules llegan a esta instancia por ser los mejores campeones del Torneo Nacional 2014-2015. Los del Campanil por quedarse con la \u00faltima Copa Chile &#8211; Foto: www.anfp.cl<\/figcaption><\/figure>\n<p><strong>Tras meses de espera e incertidumbre, este martes se dio a conocer que el Estadio Bicentenario Germ\u00e1n Becker de Temuco albergara el duelo entre Azules y los del Campanil.<\/strong><!--more--><\/p>\n<p>A trav\u00e9s de su sitio web, la ANFP comunic\u00f3 este martes que ya se determin\u00f3 fecha, hora y lugar donde se jugar\u00e1 la final de la Supercopa del F\u00fatbol Chileno entre Universidad de Chile y Universidad de Concepci\u00f3n.<\/p>\n<p>El mi\u00e9rcoles 30 de septiembre, a las 20:00 hrs., el Estadio Bicentenario Germ\u00e1n Becker de Temuco ser\u00e1 el lugar donde Azules y los del Campanil jugar\u00e1n para poder alzar la copa de campe\u00f3n de este trofeo que ya cumple su tercera edici\u00f3n.<\/p>\n<p>La \u201cU\u201d llega a este torneo como el campe\u00f3n del Torneo Nacional 2014-2015 con mejor puntaje entre los campeones tanto del Apertura como Clausura de la Primera Divisi\u00f3n. Por su parte, Universidad de Concepci\u00f3n gan\u00f3 su derecho a disputar esta partido en su condici\u00f3n de actual campe\u00f3n de la Copa Chile.<\/p>\n<p>Esta es la segunda final de Supercopa que la \u201cU\u201d enfrenta. En 2013, los Azules cayeron por 2-0 ante uni\u00f3n espa\u00f1ola, en la primera edici\u00f3n de este trofeo.<\/p>\n<p><strong>VENTA DE ENTRADAS A PARTIR DE ESTE LUNES 20<\/strong><\/p>\n<p>Adem\u00e1s se anunci\u00f3 que este lunes 20 de septiembre, a trav\u00e9s del sistema PuntoTicket, se pondr\u00e1 a la venta las entradas para quienes quieran asistir a este cotejo. El valor de estas ser\u00e1 el siguiente:<\/p>\n<p><strong>-Galer\u00eda Universidad de Chile (\u00d1ielol) $6.000<\/strong><\/p>\n<p><strong>-Galer\u00eda Universidad de Concepci\u00f3n (Caut\u00edn) $6.000<\/strong><\/p>\n<p><strong>-Andes $10.000<\/strong><\/p>\n<p><strong>-Pac\u00edfico $15.000<\/strong><\/p>\n","protected":false},"excerpt":{"rendered":"<p>Tras meses de espera e incertidumbre, este martes se dio a conocer que el Estadio Bicentenario Germ\u00e1n Becker de Temuco albergara el duelo entre Azules y los del Campanil.<\/p>\n","protected":false},"author":21382,"featured_media":7641,"comment_status":"closed","ping_status":"open","sticky":false,"template":"","format":"standard","meta":{"footnotes":""},"categories":[18],"tags":[454,468,385,399,465,473,472,195,190,304,466,469,157,467,463,464,285,471,470,156,462,83],"class_list":{"0":"post-7639","1":"post","2":"type-post","3":"status-publish","4":"format-standard","5":"has-post-thumbnail","7":"category-actualidad","8":"tag-actualidad","9":"tag-andes","10":"tag-anfp","11":"tag-azules","12":"tag-bicentenario","13":"tag-campanil","14":"tag-copa-chile-2014-2015","15":"tag-entradas","16":"tag-estadio","17":"tag-galeria","18":"tag-german-becker","19":"tag-pacifico","20":"tag-portada","21":"tag-puntoticket","22":"tag-supercopa-futbol-chileno","23":"tag-temuco","24":"tag-torneo-de-apertura-2014","26":"tag-union-espanola","27":"tag-universidad-de-chile","28":"tag-universidad-de-concepcion","29":"tag-venta-de-entradas"},"_links":{"self":[{"href":"http:\/\/www.rincondelbulla.cl\/portal\/wp-json\/wp\/v2\/posts\/7639","targetHints":{"allow":["GET"]}}],"collection":[{"href":"http:\/\/www.rincondelbulla.cl\/portal\/wp-json\/wp\/v2\/posts"}],"about":[{"href":"http:\/\/www.rincondelbulla.cl\/portal\/wp-json\/wp\/v2\/types\/post"}],"author":[{"embeddable":true,"href":"http:\/\/www.rincondelbulla.cl\/portal\/wp-json\/wp\/v2\/users\/21382"}],"replies":[{"embeddable":true,"href":"http:\/\/www.rincondelbulla.cl\/portal\/wp-json\/wp\/v2\/comments?post=7639"}],"version-history":[{"count":1,"href":"http:\/\/www.rincondelbulla.cl\/portal\/wp-json\/wp\/v2\/posts\/7639\/revisions"}],"predecessor-version":[{"id":7642,"href":"http:\/\/www.rincondelbulla.cl\/portal\/wp-json\/wp\/v2\/posts\/7639\/revisions\/7642"}],"wp:featuredmedia":[{"embeddable":true,"href":"http:\/\/www.rincondelbulla.cl\/portal\/wp-json\/wp\/v2\/media\/7641"}],"wp:attachment":[{"href":"http:\/\/www.rincondelbulla.cl\/portal\/wp-json\/wp\/v2\/media?parent=7639"}],"wp:term":[{"taxonomy":"category","embeddable":true,"href":"http:\/\/www.rincondelbulla.cl\/portal\/wp-json\/wp\/v2\/categories?post=7639"},{"taxonomy":"post_tag","embeddable":true,"href":"http:\/\/www.rincondelbulla.cl\/portal\/wp-json\/wp\/v2\/tags?post=7639"}],"curies":[{"name":"wp","href":"https:\/\/api.w.org\/{rel}","templated":true}]}}