{"id":7645,"date":"2015-09-22T18:50:37","date_gmt":"2015-09-22T18:50:37","guid":{"rendered":"http:\/\/www.rincondelbulla.cl\/portal\/?p=7645"},"modified":"2015-09-22T18:50:37","modified_gmt":"2015-09-22T18:50:37","slug":"lasarte-le-voy-a-dar-hasta-que-alguien-diga-que-esto-no-da-para-mas","status":"publish","type":"post","link":"http:\/\/www.rincondelbulla.cl\/portal\/2015\/09\/22\/lasarte-le-voy-a-dar-hasta-que-alguien-diga-que-esto-no-da-para-mas\/","title":{"rendered":"Lasarte: \u201cLe voy a dar hasta que alguien diga que esto no da para m\u00e1s\u201d"},"content":{"rendered":"<figure id=\"attachment_7586\" aria-describedby=\"caption-attachment-7586\" style=\"width: 1200px\" class=\"wp-caption alignnone\"><a href=\"http:\/\/www.rincondelbulla.cl\/portal\/wp-content\/uploads\/2015\/09\/quillota.jpg\"><img loading=\"lazy\" decoding=\"async\" class=\"size-full wp-image-7586\" src=\"http:\/\/www.rincondelbulla.cl\/portal\/wp-content\/uploads\/2015\/09\/quillota.jpg\" alt=\"Mart\u00edn Lasarte sabe que el rendimienro no anda bien, pero asegura querre seguir hasta el final con su proyecto en el cuadro azul. - Foto: www.anfp.cl\" width=\"1200\" height=\"675\" srcset=\"http:\/\/www.rincondelbulla.cl\/portal\/wp-content\/uploads\/2015\/09\/quillota.jpg 1200w, http:\/\/www.rincondelbulla.cl\/portal\/wp-content\/uploads\/2015\/09\/quillota-300x169.jpg 300w, http:\/\/www.rincondelbulla.cl\/portal\/wp-content\/uploads\/2015\/09\/quillota-768x432.jpg 768w, http:\/\/www.rincondelbulla.cl\/portal\/wp-content\/uploads\/2015\/09\/quillota-696x392.jpg 696w, http:\/\/www.rincondelbulla.cl\/portal\/wp-content\/uploads\/2015\/09\/quillota-1068x601.jpg 1068w, http:\/\/www.rincondelbulla.cl\/portal\/wp-content\/uploads\/2015\/09\/quillota-747x420.jpg 747w\" sizes=\"auto, (max-width: 1200px) 100vw, 1200px\" \/><\/a><figcaption id=\"caption-attachment-7586\" class=\"wp-caption-text\">Mart\u00edn Lasarte sabe que el rendimiento no anda bien, pero asegura querer seguir hasta el final con su proyecto en el cuadro azul. &#8211; Foto: www.anfp.cl<\/figcaption><\/figure>\n<p><strong>En la antesala del partido frente a Cobresal por el Torneo de Apertura 2015-2016, el charr\u00faa no eludi\u00f3 tema y se refiri\u00f3 a todo lo que ha rodeado a la \u201cU\u201d las \u00faltimas semanas. Repas\u00f3 el irregular tranco del equipo, la no citaci\u00f3n de Patricio Rubio y los cuestionamientos a su trabajo. El DT confirm\u00f3 haber presentado su renuncia a los dirigentes hace un tiempo.<\/strong><!--more--><\/p>\n<p>Fiel a su estilo, donde pone el pecho a las balas y no le tiembla la voz para hablar de todo, Mart\u00edn Lasarte enfrento a los medios este martes en el CDA, en la antesala del duelo frente a Cobresal por la 7\u00b0 fecha del Torneo Apertura 2015-2016.<\/p>\n<p>Sobre el partido con los mineros, el DT lo calific\u00f3 como <strong>\u00abun partido disputado y muy importante. El rival tambi\u00e9n tiene sus chances, va a ser un partido peleado<\/strong><strong>. No venimos los dos de la mejor manera y nos puede encontrar a los dos intentando conseguir la victoria que a cada uno le permita tomar esa confianza a la que hac\u00edamos referencia hace un rato\u00bb.<\/strong><\/p>\n<p>Tras cart\u00f3n, dio paso a su presente en la banca azul y al irregular desempe\u00f1o del plantel que comanda. En lo personal, Lasarte asegur\u00f3 que seguir\u00e1 al mando del \u00a0equipo <strong>\u00abhasta que alguien diga lo contrario\u00bb<\/strong> y calific\u00f3 de normal que la dirigencia hable con eventuales reemplazantes para su puesto. <strong>\u201cEn el f\u00fatbol pasa as\u00ed, no le damos margen a las personas en otros estamentos, de solucionar los temas. Le voy a dar hasta que alguien diga que esto no da para m\u00e1s. Si no, va a terminar cuando tenga que terminar\u00bb, <\/strong>dijo el charr\u00faa.<\/p>\n<p>Fue aqu\u00ed donde el t\u00e9cnico confirm\u00f3 que hace un tiempo ya hab\u00eda puesto a disposici\u00f3n de los dirigentes su cargo a disposici\u00f3n. \u00ab<strong>Ya renunci\u00e9 ac\u00e1, pero nadie se enter\u00f3<\/strong><strong>. El club en aquel momento no lo acept\u00f3, estuve enfermo en ese tiempo. Hoy no siento esa necesidad\u00bb,<\/strong> confes\u00f3 Mart\u00edn Lasarte, en clara alusi\u00f3n al periodo en el torneo pasado donde su salud interfiri\u00f3 con el normal desarrollo de su trabajo con el primer equipo azul. Sobre lo mismo, descart\u00f3 que su puesto est\u00e9 en juego este mi\u00e9rcoles ante Cobresal.<\/p>\n<p>Consultado sobre si ganar la Supercopa del F\u00fatbol Chileno ante Universidad de Concepci\u00f3n \u00a0ayudar\u00eda a dejar atr\u00e1s las cr\u00edticas al actual desempe\u00f1o del plantel, el DT fue claro y asegur\u00f3 que <strong>\u00aben el f\u00fatbol redimir es relativo, conseguir algo no significa tapar lo otro. Si conseguimos algo y est\u00e1 bueno, no nos libera de lo otro. Si hay opci\u00f3n de conseguir un torneo y levantar una copa, creo que est\u00e1 bueno, nadie nos lo regal\u00f3. Conseguimos esa opci\u00f3n\u201d<\/strong>.<\/p>\n<p><strong>MARGINACI\u00d3N DE PATO RUBIO Y LA CONSTANTE ROTACI\u00d3N DE JUGADORES<\/strong><\/p>\n<p>Sobre el por qu\u00e9 Patricio Rubio no ha figurado en las \u00faltimas convocatorias, Lasarte indic\u00f3 que arma al equipo en relaci\u00f3n al momento actual de cada jugador. \u00ab<strong>Depende de los momentos, uno entiende esto en el acierto y error y toma una decisi\u00f3n, el tr\u00e1mite del partido te dar\u00e1 la raz\u00f3n o no, eso va en el d\u00eda a d\u00eda\u201d<\/strong>, dijo el t\u00e9cnico.<\/p>\n<p>Sobre la gran variedad de nombre que ha utilizado este semestre, el uruguayo asegur\u00f3 que es normal que <strong>\u00abcuando hay un plantel grande, alguno debe quedar afuera.\u00a0En estas circunstancias hemos apelado a jugadores con mayor posibilidad de usar otros puestos, Mat\u00edas Rodr\u00edguez o Paulo (Magalhaes) \u00a0que pueden jugar de centrales, laterales o carrileros\u201d<\/strong>.<\/p>\n","protected":false},"excerpt":{"rendered":"<p>En la antesala del partido frente a Cobresal por el Torneo de Apertura 2015-2016, el charr\u00faa no eludi\u00f3 tema y se refiri\u00f3 a todo lo que ha rodeado a la \u201cU\u201d las \u00faltimas semanas. Repas\u00f3 el irregular tranco del equipo, la no citaci\u00f3n de Patricio Rubio y los cuestionamientos a su trabajo. El DT confirm\u00f3 [&#8230;]<\/p>\n","protected":false},"author":21382,"featured_media":7443,"comment_status":"closed","ping_status":"open","sticky":false,"template":"","format":"standard","meta":{"footnotes":""},"categories":[18],"tags":[454,341,224,65,349,270,157,474,463,436,462],"class_list":{"0":"post-7645","1":"post","2":"type-post","3":"status-publish","4":"format-standard","5":"has-post-thumbnail","7":"category-actualidad","8":"tag-actualidad","9":"tag-cobresal","10":"tag-martin-lasarte","11":"tag-matias-rodriguez","12":"tag-patricio-rubio","13":"tag-paulo-magalhaes","14":"tag-portada","15":"tag-renuncia","16":"tag-supercopa-futbol-chileno","17":"tag-torneo-de-apertura-2015-2016","18":"tag-universidad-de-concepcion"},"_links":{"self":[{"href":"http:\/\/www.rincondelbulla.cl\/portal\/wp-json\/wp\/v2\/posts\/7645","targetHints":{"allow":["GET"]}}],"collection":[{"href":"http:\/\/www.rincondelbulla.cl\/portal\/wp-json\/wp\/v2\/posts"}],"about":[{"href":"http:\/\/www.rincondelbulla.cl\/portal\/wp-json\/wp\/v2\/types\/post"}],"author":[{"embeddable":true,"href":"http:\/\/www.rincondelbulla.cl\/portal\/wp-json\/wp\/v2\/users\/21382"}],"replies":[{"embeddable":true,"href":"http:\/\/www.rincondelbulla.cl\/portal\/wp-json\/wp\/v2\/comments?post=7645"}],"version-history":[{"count":1,"href":"http:\/\/www.rincondelbulla.cl\/portal\/wp-json\/wp\/v2\/posts\/7645\/revisions"}],"predecessor-version":[{"id":7646,"href":"http:\/\/www.rincondelbulla.cl\/portal\/wp-json\/wp\/v2\/posts\/7645\/revisions\/7646"}],"wp:featuredmedia":[{"embeddable":true,"href":"http:\/\/www.rincondelbulla.cl\/portal\/wp-json\/wp\/v2\/media\/7443"}],"wp:attachment":[{"href":"http:\/\/www.rincondelbulla.cl\/portal\/wp-json\/wp\/v2\/media?parent=7645"}],"wp:term":[{"taxonomy":"category","embeddable":true,"href":"http:\/\/www.rincondelbulla.cl\/portal\/wp-json\/wp\/v2\/categories?post=7645"},{"taxonomy":"post_tag","embeddable":true,"href":"http:\/\/www.rincondelbulla.cl\/portal\/wp-json\/wp\/v2\/tags?post=7645"}],"curies":[{"name":"wp","href":"https:\/\/api.w.org\/{rel}","templated":true}]}}