{"id":7659,"date":"2015-09-24T18:37:23","date_gmt":"2015-09-24T18:37:23","guid":{"rendered":"http:\/\/www.rincondelbulla.cl\/portal\/?p=7659"},"modified":"2016-02-25T12:46:36","modified_gmt":"2016-02-25T12:46:36","slug":"desde-la-galeria-canales-y-el-desahogo-que-los-azules-necesitaban","status":"publish","type":"post","link":"http:\/\/www.rincondelbulla.cl\/portal\/2015\/09\/24\/desde-la-galeria-canales-y-el-desahogo-que-los-azules-necesitaban\/","title":{"rendered":"Desde la Galer\u00eda: Canales y el desahogo que los azules necesitaban"},"content":{"rendered":"<p><a href=\"http:\/\/www.rincondelbulla.cl\/portal\/wp-content\/uploads\/2015\/09\/7.jpg\"><img loading=\"lazy\" decoding=\"async\" class=\"alignnone size-full wp-image-7616\" src=\"http:\/\/www.rincondelbulla.cl\/portal\/wp-content\/uploads\/2015\/09\/7.jpg\" alt=\"7\" width=\"1000\" height=\"667\" srcset=\"http:\/\/www.rincondelbulla.cl\/portal\/wp-content\/uploads\/2015\/09\/7.jpg 1000w, http:\/\/www.rincondelbulla.cl\/portal\/wp-content\/uploads\/2015\/09\/7-300x200.jpg 300w, http:\/\/www.rincondelbulla.cl\/portal\/wp-content\/uploads\/2015\/09\/7-768x512.jpg 768w, http:\/\/www.rincondelbulla.cl\/portal\/wp-content\/uploads\/2015\/09\/7-696x464.jpg 696w, http:\/\/www.rincondelbulla.cl\/portal\/wp-content\/uploads\/2015\/09\/7-630x420.jpg 630w\" sizes=\"auto, (max-width: 1000px) 100vw, 1000px\" \/><\/a><\/p>\n<p><strong>El mi\u00e9rcoles, era un partido complejo y esperado. La \u00abU\u00bb ven\u00eda de caer y se especulaba que si volv\u00eda a dejar puntos el t\u00e9cnico ser\u00eda destituido. Esto, y algunas otras cosas como los rumores sobre un problema en el camar\u00edn, lo ten\u00edan claro los 7 mil hinchas que igualmente ayer fueron a ver a Universidad de Chile.<\/strong><!--more--><\/p>\n<p>El nerviosismo se not\u00f3 desde el primer minuto en las grader\u00edas y claro, Cobresal dominaba la posesi\u00f3n del bal\u00f3n y cuando los azules lograban hacerse de ella la perd\u00edan con facilidad.<\/p>\n<p>Luego de 20 minutos sin muchas ocasiones, la \u00abU\u00bb se vendr\u00eda con todo generando varias en las que el portero Lobos se convirti\u00f3 en h\u00e9roe para la visita. La m\u00e1s clara en el 29&#8242; cuando tras un centro de Valencia fue Ubilla quien la empalm\u00f3 de cabeza y Lobos la sac\u00f3, ahogando el grito de gol de todo el Nacional, que se lamentaba.<\/p>\n<p>Cuando el fr\u00edo y la noche ca\u00edan definitivamente en el complejo de \u00d1u\u00f1oa, vendr\u00eda nuevamente una salvada notable de Eduardo Lobos, quien reaccionar\u00eda en doble instancia, primero ante un remate de Ubilla y luego ante Canales. En las grader\u00edas se escuchaba impotencia y comentarios como: \u00abTenemos muy mala suerte, justo ahora ataja este&#8230;\u00bb.<\/p>\n<p><strong>\u00abJugadores, jugadores, yo les pido por favor, que mojen la camiseta aunque no salgan campe\u00f3n\u00bb<\/strong>, con estos c\u00e1nticos se fue el equipo a los camarines a preparar la segunda mitad.<\/p>\n<p>Hab\u00eda que ir por la victoria. Luego de dos minutos de juego, y nuevamente tras un centro de Valencia, aparecer\u00eda el de siempre, Gustavo Canales, para poner el 1-0 parcial. El grito de gol fue un desahogo que se escuch\u00f3 fuerte, abrazos iban y ven\u00edan y el nerviosismo inicial ya parec\u00eda perderse.<\/p>\n<p>Como de costumbre, Universidad de Chile bajar\u00eda la intensidad tras el gol y Cobresal atacar\u00eda m\u00e1s. Pero esta vez la suerte estuvo con los azules, dos palos salvaron el p\u00f3rtico de Herrera.<\/p>\n<p>Ya parec\u00eda terminado el partido, el sabor del triunfo se sent\u00eda, y se confirmar\u00eda cuando en 91&#8242; Cristi\u00e1n Su\u00e1rez pondr\u00eda el 2-0 que defin\u00eda el partido, y claro porque en 94&#8242; vendr\u00eda el descuento de Cobresal a trav\u00e9s de Patricio Jer\u00e9z.<\/p>\n<p>La Universidad de Chile no jug\u00f3 bien, pero gan\u00f3 y los 6913 hinchas que fueron a ver al equipo se iban felices. \u00ab<strong>Lo necesit\u00e1bamos<\/strong>\u00ab, afirm\u00f3 Gonzalo Espinoza tras el partido. Y as\u00ed era, lo necesit\u00e1bamos.<\/p>\n","protected":false},"excerpt":{"rendered":"<p>El mi\u00e9rcoles, era un partido complejo y esperado. La \u00abU\u00bb ven\u00eda de caer y se especulaba que si volv\u00eda a dejar puntos el t\u00e9cnico ser\u00eda destituido. Esto, y algunas otras cosas como los rumores sobre un problema en el camar\u00edn, lo ten\u00edan claro los 7 mil hinchas que igualmente ayer fueron a ver a Universidad [&#8230;]<\/p>\n","protected":false},"author":21383,"featured_media":7616,"comment_status":"closed","ping_status":"open","sticky":false,"template":"","format":"standard","meta":{"footnotes":""},"categories":[18],"tags":[454,157,294],"class_list":{"0":"post-7659","1":"post","2":"type-post","3":"status-publish","4":"format-standard","5":"has-post-thumbnail","7":"category-actualidad","8":"tag-actualidad","9":"tag-portada","10":"tag-u-de-chile"},"_links":{"self":[{"href":"http:\/\/www.rincondelbulla.cl\/portal\/wp-json\/wp\/v2\/posts\/7659","targetHints":{"allow":["GET"]}}],"collection":[{"href":"http:\/\/www.rincondelbulla.cl\/portal\/wp-json\/wp\/v2\/posts"}],"about":[{"href":"http:\/\/www.rincondelbulla.cl\/portal\/wp-json\/wp\/v2\/types\/post"}],"author":[{"embeddable":true,"href":"http:\/\/www.rincondelbulla.cl\/portal\/wp-json\/wp\/v2\/users\/21383"}],"replies":[{"embeddable":true,"href":"http:\/\/www.rincondelbulla.cl\/portal\/wp-json\/wp\/v2\/comments?post=7659"}],"version-history":[{"count":6,"href":"http:\/\/www.rincondelbulla.cl\/portal\/wp-json\/wp\/v2\/posts\/7659\/revisions"}],"predecessor-version":[{"id":8382,"href":"http:\/\/www.rincondelbulla.cl\/portal\/wp-json\/wp\/v2\/posts\/7659\/revisions\/8382"}],"wp:featuredmedia":[{"embeddable":true,"href":"http:\/\/www.rincondelbulla.cl\/portal\/wp-json\/wp\/v2\/media\/7616"}],"wp:attachment":[{"href":"http:\/\/www.rincondelbulla.cl\/portal\/wp-json\/wp\/v2\/media?parent=7659"}],"wp:term":[{"taxonomy":"category","embeddable":true,"href":"http:\/\/www.rincondelbulla.cl\/portal\/wp-json\/wp\/v2\/categories?post=7659"},{"taxonomy":"post_tag","embeddable":true,"href":"http:\/\/www.rincondelbulla.cl\/portal\/wp-json\/wp\/v2\/tags?post=7659"}],"curies":[{"name":"wp","href":"https:\/\/api.w.org\/{rel}","templated":true}]}}