{"id":7667,"date":"2015-09-25T22:27:10","date_gmt":"2015-09-25T22:27:10","guid":{"rendered":"http:\/\/www.rincondelbulla.cl\/portal\/?p=7667"},"modified":"2015-09-25T22:27:10","modified_gmt":"2015-09-25T22:27:10","slug":"canales-cambiaria-todos-mis-goles-por-estar-primero","status":"publish","type":"post","link":"http:\/\/www.rincondelbulla.cl\/portal\/2015\/09\/25\/canales-cambiaria-todos-mis-goles-por-estar-primero\/","title":{"rendered":"Canales: \u00abCambiar\u00eda todos mis goles por estar primero\u00bb"},"content":{"rendered":"<figure id=\"attachment_7473\" aria-describedby=\"caption-attachment-7473\" style=\"width: 1000px\" class=\"wp-caption alignnone\"><a href=\"http:\/\/www.rincondelbulla.cl\/portal\/wp-content\/uploads\/2015\/08\/35.jpg\"><img loading=\"lazy\" decoding=\"async\" class=\"size-full wp-image-7473\" src=\"http:\/\/www.rincondelbulla.cl\/portal\/wp-content\/uploads\/2015\/08\/35.jpg\" alt=\"Universidad de Chile sigue sin convencer en esta temporada - Foto: Claudio C\u00e1ceres\" width=\"1000\" height=\"667\" srcset=\"http:\/\/www.rincondelbulla.cl\/portal\/wp-content\/uploads\/2015\/08\/35.jpg 1000w, http:\/\/www.rincondelbulla.cl\/portal\/wp-content\/uploads\/2015\/08\/35-300x200.jpg 300w, http:\/\/www.rincondelbulla.cl\/portal\/wp-content\/uploads\/2015\/08\/35-768x512.jpg 768w, http:\/\/www.rincondelbulla.cl\/portal\/wp-content\/uploads\/2015\/08\/35-696x464.jpg 696w, http:\/\/www.rincondelbulla.cl\/portal\/wp-content\/uploads\/2015\/08\/35-630x420.jpg 630w\" sizes=\"auto, (max-width: 1000px) 100vw, 1000px\" \/><\/a><figcaption id=\"caption-attachment-7473\" class=\"wp-caption-text\">Foto: Claudio C\u00e1ceres<\/figcaption><\/figure>\n<p><strong>Gustavo Canales asegur\u00f3 que \u201cCambiar\u00eda todos mis goles por ser primero\u201d, de esta manera el artillero del torneo analiza el complicado momento que se vive en el cuadro azul.<\/strong><\/p>\n<p><!--more--><\/p>\n<p>Una nueva jornada de entrenamientos se vivi\u00f3 en el CDA de cara a la final de la supercopa de la pr\u00f3xima semana frente a Universidad de Concepci\u00f3n, Gustavo Canales se tom\u00f3 un tiempo para sentarse en la sala de prensa y conversar con los medios.<\/p>\n<p>En primer lugar se refiri\u00f3 al \u00faltimo partido jugado por los azules \u00abEl equipo gan\u00f3 y seguimos con la necesidad de mejorar en el aspecto futbol\u00edstico. Hay que mejorar en el funcionamiento y lo tenemos claro. Ante la urgencia de ganar s\u00ed o s\u00ed, eso nos hace arrebatarnos y cometer muchos errores\u201d Aseguro el oriundo de San Roque.<\/p>\n<p>Sobre la forma de juego que se quiere llevar a cabo \u201cM\u00e1gico\u201d asever\u00f3 \u00abTenemos una idea, pero casi nunca se ha visto en el torneo. Debemos partir de cero, ya que estamos imprecisos y con falta de confianza. A veces pareciera que somos un equipo que no sabe a qu\u00e9 juega\u00bb.<\/p>\n<p>Tambi\u00e9n tuvo palabras para la situaci\u00f3n de su compa\u00f1ero de equipo Patricio Rubio, \u00ab\u00e9l es un jugador que necesita que se le est\u00e9 encima. Necesita cari\u00f1o extra, que no todos necesitan.<strong> Tiene unas condiciones innatas. Lo necesitamos tanto a \u00e9l como a todos los compa\u00f1eros que no han tenido la chance de ser citados.<\/strong> Lo vamos a apoyar, pero a la vez lo vamos a tener que putear para que se ponga el overol. Nos puede dar mucho desde la individualidad\u00bb agregando que<strong> \u00abNo nos podemos dar el lujo de restar a nadie, menos a un jugador con las condiciones de \u00e9l. Nos puede dar mucho y lo necesitamos bien\u00bb.<\/strong><\/p>\n<p>Sobre Lasarte coment\u00f3 que \u00abes un entrenador que apreciamos. Le tenemos cari\u00f1o, porque es honesto y frontal. Estamos tristes porque no podemos darle el espaldarazo que necesita dentro de la cancha. \u00c9l es de f\u00fatbol y tiene mil batallas. Nos queda meternos en la cabeza que tenemos que jugar bien para darle una mano\u00bb.<\/p>\n<p>Sobre su momento personal el nacionalizado lo ve as\u00ed \u00abTodos tenemos etapas distintas. He pasado por diferentes cosas y asimilo las cosas de mejor manera. La decisi\u00f3n m\u00eda siempre ha sido jugar lo que m\u00e1s pueda. Tuve problemas f\u00edsicos y tratar de convivir con eso todos los d\u00edas, no es f\u00e1cil. La fractura en la nariz fue otro palo en la rueda\u00bb.<\/p>\n<p>Finalmente sobre un posible llamado de Sampaoli a defender la selecci\u00f3n Canales le pone pa\u00f1os fr\u00edos y asegura que <strong>\u00aben el momento en que estamos, se me hace dif\u00edcil pensar en otra cosa que no sea en mi equipo. No pienso nada m\u00e1s que en mi club. Puedo jugar mejor de lo que lo estoy haciendo. Cambiar\u00eda todos mis goles por estar primero con Colo Colo.Trato de jugar al f\u00fatbol, no soy un poste que est\u00e1 ah\u00ed dentro del \u00e1rea\u00bb<\/strong>.<\/p>\n<p>&nbsp;<\/p>\n","protected":false},"excerpt":{"rendered":"<p>Gustavo Canales asegur\u00f3 que \u201cCambiar\u00eda todos mis goles por ser primero\u201d, de esta manera el artillero del torneo analiza el complicado momento que se vive en el cuadro azul.<\/p>\n","protected":false},"author":21381,"featured_media":7473,"comment_status":"closed","ping_status":"open","sticky":false,"template":"","format":"standard","meta":{"footnotes":""},"categories":[18],"tags":[209,56,157,405],"class_list":{"0":"post-7667","1":"post","2":"type-post","3":"status-publish","4":"format-standard","5":"has-post-thumbnail","7":"category-actualidad","8":"tag-conferencia-de-prensa","9":"tag-gustavo-canales","10":"tag-portada","11":"tag-torneo-apertura-2015-2016"},"_links":{"self":[{"href":"http:\/\/www.rincondelbulla.cl\/portal\/wp-json\/wp\/v2\/posts\/7667","targetHints":{"allow":["GET"]}}],"collection":[{"href":"http:\/\/www.rincondelbulla.cl\/portal\/wp-json\/wp\/v2\/posts"}],"about":[{"href":"http:\/\/www.rincondelbulla.cl\/portal\/wp-json\/wp\/v2\/types\/post"}],"author":[{"embeddable":true,"href":"http:\/\/www.rincondelbulla.cl\/portal\/wp-json\/wp\/v2\/users\/21381"}],"replies":[{"embeddable":true,"href":"http:\/\/www.rincondelbulla.cl\/portal\/wp-json\/wp\/v2\/comments?post=7667"}],"version-history":[{"count":1,"href":"http:\/\/www.rincondelbulla.cl\/portal\/wp-json\/wp\/v2\/posts\/7667\/revisions"}],"predecessor-version":[{"id":7668,"href":"http:\/\/www.rincondelbulla.cl\/portal\/wp-json\/wp\/v2\/posts\/7667\/revisions\/7668"}],"wp:featuredmedia":[{"embeddable":true,"href":"http:\/\/www.rincondelbulla.cl\/portal\/wp-json\/wp\/v2\/media\/7473"}],"wp:attachment":[{"href":"http:\/\/www.rincondelbulla.cl\/portal\/wp-json\/wp\/v2\/media?parent=7667"}],"wp:term":[{"taxonomy":"category","embeddable":true,"href":"http:\/\/www.rincondelbulla.cl\/portal\/wp-json\/wp\/v2\/categories?post=7667"},{"taxonomy":"post_tag","embeddable":true,"href":"http:\/\/www.rincondelbulla.cl\/portal\/wp-json\/wp\/v2\/tags?post=7667"}],"curies":[{"name":"wp","href":"https:\/\/api.w.org\/{rel}","templated":true}]}}