{"id":7677,"date":"2015-09-29T16:24:31","date_gmt":"2015-09-29T16:24:31","guid":{"rendered":"http:\/\/www.rincondelbulla.cl\/portal\/?p=7677"},"modified":"2015-09-29T16:24:31","modified_gmt":"2015-09-29T16:24:31","slug":"a-despegar-de-una-vez-por-todas","status":"publish","type":"post","link":"http:\/\/www.rincondelbulla.cl\/portal\/2015\/09\/29\/a-despegar-de-una-vez-por-todas\/","title":{"rendered":"A despegar de una vez por todas"},"content":{"rendered":"<p class=\"p1\">\n<p class=\"p1\"><a href=\"http:\/\/www.rincondelbulla.cl\/portal\/wp-content\/uploads\/2015\/09\/7.jpg\"><img loading=\"lazy\" decoding=\"async\" class=\"aligncenter size-full wp-image-7616\" src=\"http:\/\/www.rincondelbulla.cl\/portal\/wp-content\/uploads\/2015\/09\/7.jpg\" alt=\"7\" width=\"1000\" height=\"667\" srcset=\"http:\/\/www.rincondelbulla.cl\/portal\/wp-content\/uploads\/2015\/09\/7.jpg 1000w, http:\/\/www.rincondelbulla.cl\/portal\/wp-content\/uploads\/2015\/09\/7-300x200.jpg 300w, http:\/\/www.rincondelbulla.cl\/portal\/wp-content\/uploads\/2015\/09\/7-768x512.jpg 768w, http:\/\/www.rincondelbulla.cl\/portal\/wp-content\/uploads\/2015\/09\/7-696x464.jpg 696w, http:\/\/www.rincondelbulla.cl\/portal\/wp-content\/uploads\/2015\/09\/7-630x420.jpg 630w\" sizes=\"auto, (max-width: 1000px) 100vw, 1000px\" \/><\/a><\/p>\n<p class=\"p1\"><strong><span class=\"s1\">Universidad de Chile debe enfrentar\u00a0una semana clave en cuanto a confianza . Los azules\u00a0deben definir\u00a0al campe\u00f3n de la S\u00faper Copa Chilena y tras cart\u00f3n enfrenta a Uni\u00f3n Espa\u00f1ola. Una semana que puede significar el despegue definitivo.<\/span><\/strong><!--more--><\/p>\n<p class=\"p1\"><span class=\"s1\">El triunfo \u00a0a mitad de la semana anterior trajo consigo una distenci\u00f3n\u00a0en el camar\u00edn azul\u00a0la U. El triunfo signific\u00f3 un gran\u00a0un envi\u00f3n an\u00edmico al grupo que no la estaba pasando bien.<\/span><\/p>\n<p class=\"p1\"><span class=\"s1\">Esta semana asoma como clave para para consolidarse desde la confianza. El primer desaf\u00edo\u00a0a superar ser\u00e1 Universidad de Concepci\u00f3n, cuando el d\u00eda mi\u00e9rcoles 30 de septiembre a las 20:00 hrsen el estadio Germ\u00e1n Becker de Temuco se de inicio al encuentro que dirimir\u00e1 al campe\u00f3n de la S\u00faper Copa Chilena.<\/span><\/p>\n<p class=\"p1\"><span class=\"s1\">En la U saben que de lograr el t\u00edtulo de la S\u00faper Copa, la confianza ir\u00e1 creciendo y servir\u00e1 para enfrentar con m\u00e1s seguridad los pr\u00f3ximos desaf\u00edos, <strong>\u201cEstamos contando las horas para jugar un partido muy trascendente ante Universidad de Concepci\u00f3n. Tenemos la obligaci\u00f3n de ganar para seguir agarrando la confianza que necesitamos para lo que viene\u201d<\/strong>, se\u00f1alaba Gustavo Canales\u00a0la semana reci\u00e9n pasada<\/span><\/p>\n<p class=\"p1\"><span class=\"s1\">Tras este partido\u00a0los azules se metalizar\u00e1n en seguir sumando de a tres en el torneo local, y para esos deber\u00e1n enfrentar a un dif\u00edcil rival como lo es Uni\u00f3n Espa\u00f1ola el pr\u00f3ximo s\u00e1bado 3 de octubre a las 18:00 hrs. en el Estadio Nacional.<\/span><span class=\"s1\">Los hispanos vienen de sufrir una goleada como local ante Universidad de Concepci\u00f3n por 4-2, por lo cual buscar\u00e1 revancha con la U.<\/span><\/p>\n<p class=\"p1\">\n<p class=\"p1\"><span class=\"s1\">Dos duelos que marcar\u00e1n la semana de la\u00a0U \u00a0y dos opciones de concretar un despegue que llene al camar\u00edn de la confianza suficiente para enfrentar los pr\u00f3ximos desaf\u00edos.<\/span><\/p>\n","protected":false},"excerpt":{"rendered":"<p>Universidad de Chile debe enfrentar\u00a0una semana clave en cuanto a confianza . Los azules\u00a0deben definir\u00a0al campe\u00f3n de la S\u00faper Copa Chilena y tras cart\u00f3n enfrenta a Uni\u00f3n Espa\u00f1ola. Una semana que puede significar el despegue definitivo.<\/p>\n","protected":false},"author":56,"featured_media":7616,"comment_status":"closed","ping_status":"open","sticky":false,"template":"","format":"standard","meta":{"footnotes":""},"categories":[18],"tags":[454,157,479,294],"class_list":{"0":"post-7677","1":"post","2":"type-post","3":"status-publish","4":"format-standard","5":"has-post-thumbnail","7":"category-actualidad","8":"tag-actualidad","9":"tag-portada","10":"tag-super-copa-2015","11":"tag-u-de-chile"},"_links":{"self":[{"href":"http:\/\/www.rincondelbulla.cl\/portal\/wp-json\/wp\/v2\/posts\/7677","targetHints":{"allow":["GET"]}}],"collection":[{"href":"http:\/\/www.rincondelbulla.cl\/portal\/wp-json\/wp\/v2\/posts"}],"about":[{"href":"http:\/\/www.rincondelbulla.cl\/portal\/wp-json\/wp\/v2\/types\/post"}],"author":[{"embeddable":true,"href":"http:\/\/www.rincondelbulla.cl\/portal\/wp-json\/wp\/v2\/users\/56"}],"replies":[{"embeddable":true,"href":"http:\/\/www.rincondelbulla.cl\/portal\/wp-json\/wp\/v2\/comments?post=7677"}],"version-history":[{"count":2,"href":"http:\/\/www.rincondelbulla.cl\/portal\/wp-json\/wp\/v2\/posts\/7677\/revisions"}],"predecessor-version":[{"id":7679,"href":"http:\/\/www.rincondelbulla.cl\/portal\/wp-json\/wp\/v2\/posts\/7677\/revisions\/7679"}],"wp:featuredmedia":[{"embeddable":true,"href":"http:\/\/www.rincondelbulla.cl\/portal\/wp-json\/wp\/v2\/media\/7616"}],"wp:attachment":[{"href":"http:\/\/www.rincondelbulla.cl\/portal\/wp-json\/wp\/v2\/media?parent=7677"}],"wp:term":[{"taxonomy":"category","embeddable":true,"href":"http:\/\/www.rincondelbulla.cl\/portal\/wp-json\/wp\/v2\/categories?post=7677"},{"taxonomy":"post_tag","embeddable":true,"href":"http:\/\/www.rincondelbulla.cl\/portal\/wp-json\/wp\/v2\/tags?post=7677"}],"curies":[{"name":"wp","href":"https:\/\/api.w.org\/{rel}","templated":true}]}}