{"id":7682,"date":"2015-09-30T00:33:15","date_gmt":"2015-09-30T00:33:15","guid":{"rendered":"http:\/\/www.rincondelbulla.cl\/portal\/?p=7682"},"modified":"2015-09-30T00:33:15","modified_gmt":"2015-09-30T00:33:15","slug":"lasarte-y-la-final-de-la-supercopa-estamos-aca-por-algo-estamos-aca-por-justicia","status":"publish","type":"post","link":"http:\/\/www.rincondelbulla.cl\/portal\/2015\/09\/30\/lasarte-y-la-final-de-la-supercopa-estamos-aca-por-algo-estamos-aca-por-justicia\/","title":{"rendered":"Lasarte y la final de la Supercopa: \u201cEstamos ac\u00e1 por algo, estamos ac\u00e1 por justicia\u201d"},"content":{"rendered":"<figure id=\"attachment_7683\" aria-describedby=\"caption-attachment-7683\" style=\"width: 960px\" class=\"wp-caption alignnone\"><a href=\"http:\/\/www.rincondelbulla.cl\/portal\/wp-content\/uploads\/2015\/09\/Supercopa-1.jpg\"><img loading=\"lazy\" decoding=\"async\" class=\"size-full wp-image-7683\" src=\"http:\/\/www.rincondelbulla.cl\/portal\/wp-content\/uploads\/2015\/09\/Supercopa-1.jpg\" alt=\"Ambos t\u00e9cnicos y los respectivos capitaes, comparecieron ante la prensa en la previa de la final de este mi\u00e9rcoles en Temuco. Foto: www.udechile.cl\" width=\"960\" height=\"540\" srcset=\"http:\/\/www.rincondelbulla.cl\/portal\/wp-content\/uploads\/2015\/09\/Supercopa-1.jpg 960w, http:\/\/www.rincondelbulla.cl\/portal\/wp-content\/uploads\/2015\/09\/Supercopa-1-300x169.jpg 300w, http:\/\/www.rincondelbulla.cl\/portal\/wp-content\/uploads\/2015\/09\/Supercopa-1-768x432.jpg 768w, http:\/\/www.rincondelbulla.cl\/portal\/wp-content\/uploads\/2015\/09\/Supercopa-1-696x392.jpg 696w, http:\/\/www.rincondelbulla.cl\/portal\/wp-content\/uploads\/2015\/09\/Supercopa-1-747x420.jpg 747w\" sizes=\"auto, (max-width: 960px) 100vw, 960px\" \/><\/a><figcaption id=\"caption-attachment-7683\" class=\"wp-caption-text\">Ambos t\u00e9cnicos y los respectivos capitanes, comparecieron ante la prensa en la previa de la final de este mi\u00e9rcoles en Temuco. Foto: www.udechile.cl<\/figcaption><\/figure>\n<p><strong>Como es tradicional antes de disputarse la final de la Supercopa del F\u00fatbol Chileno, los t\u00e9cnicos de Universidad de Chile y Universidad de Concepci\u00f3n, Mart\u00edn Lasarte y Ronald Fuentes, acompa\u00f1ados por los capitanes de ambos equipos, realizaron una rueda de prensa en la antesala del duelo que se disputar\u00e1 este mi\u00e9rcoles en Temuco.<\/strong><!--more--><\/p>\n<p>A solo horas de disputarse el partido con la Universidad de Concepci\u00f3n, el charr\u00faa llam\u00f3 a no restarle importancia a este encuentro, pensando que ambos equipos debieron justificar su presencia y asegurando que clubes tambi\u00e9n deben haber so\u00f1ado con llegar a esta instancia.<\/p>\n<p><strong>\u00abNo hay que minimizarla.<\/strong>\u00a0<strong>Siempre es importante jugar una final. Estamos ac\u00e1 por algo y estamos ac\u00e1 por justicia. Ambos equipos lo hicimos bien en los respectivos torneos.<\/strong><strong>\u00a0Ya es un m\u00e9rito, porque hay otros que no est\u00e1n\u00bb,<\/strong> indic\u00f3 Lasarte sobre la importancia del cotejo.<\/p>\n<p>El DT agreg\u00f3 que instancias como estas permiten sacar algo en positivo.<strong> \u00abEs un partido que puede cambiar las din\u00e1micas o las inercias en un equipo cuando a veces las cosas no est\u00e1n saliendo\u00bb<\/strong>. Consultado sobre si quedarse con el trofeo puede marcar un envi\u00f3n an\u00edmico para su equipo, Lasarte asegur\u00f3 que <strong>\u00abno s\u00e9 si ser\u00e1 un despegue si ganamos, pero s\u00ed\u00a0nosotros estamos trabajando por lograr confianza para ir sumando partido a partido, para recuperar una identidad y creo que estamos en esa l\u00ednea\u00bb<\/strong>.<\/p>\n<p>Sobre el \u00e1nimo con que Universidad de Chile llega al encuentro con los del campanil, el estratega charr\u00faa indic\u00f3 que en los d\u00edas de preparaci\u00f3n <strong>\u00abhe visto bien al grupo como grupo y a la gente. Eso me pone contento. Al partido, cada uno llega con sus armas, con sus deseos, con sus m\u00e9ritos\u00bb.<\/strong><\/p>\n","protected":false},"excerpt":{"rendered":"<p>Como es tradicional antes de disputarse la final de la Supercopa del F\u00fatbol Chileno, los t\u00e9cnicos de Universidad de Chile y Universidad de Concepci\u00f3n, Mart\u00edn Lasarte y Ronald Fuentes, acompa\u00f1ados por los capitanes de ambos equipos, realizaron una rueda de prensa en la antesala del duelo que se disputar\u00e1 este mi\u00e9rcoles en Temuco.<\/p>\n","protected":false},"author":21382,"featured_media":7683,"comment_status":"closed","ping_status":"open","sticky":false,"template":"","format":"standard","meta":{"footnotes":""},"categories":[18],"tags":[454,385,481,51,224,157,480,463,464,156,462],"class_list":{"0":"post-7682","1":"post","2":"type-post","3":"status-publish","4":"format-standard","5":"has-post-thumbnail","7":"category-actualidad","8":"tag-actualidad","9":"tag-anfp","10":"tag-final","11":"tag-jose-rojas","12":"tag-martin-lasarte","13":"tag-portada","14":"tag-ronald-fuentes","15":"tag-supercopa-futbol-chileno","16":"tag-temuco","17":"tag-universidad-de-chile","18":"tag-universidad-de-concepcion"},"_links":{"self":[{"href":"http:\/\/www.rincondelbulla.cl\/portal\/wp-json\/wp\/v2\/posts\/7682","targetHints":{"allow":["GET"]}}],"collection":[{"href":"http:\/\/www.rincondelbulla.cl\/portal\/wp-json\/wp\/v2\/posts"}],"about":[{"href":"http:\/\/www.rincondelbulla.cl\/portal\/wp-json\/wp\/v2\/types\/post"}],"author":[{"embeddable":true,"href":"http:\/\/www.rincondelbulla.cl\/portal\/wp-json\/wp\/v2\/users\/21382"}],"replies":[{"embeddable":true,"href":"http:\/\/www.rincondelbulla.cl\/portal\/wp-json\/wp\/v2\/comments?post=7682"}],"version-history":[{"count":1,"href":"http:\/\/www.rincondelbulla.cl\/portal\/wp-json\/wp\/v2\/posts\/7682\/revisions"}],"predecessor-version":[{"id":7684,"href":"http:\/\/www.rincondelbulla.cl\/portal\/wp-json\/wp\/v2\/posts\/7682\/revisions\/7684"}],"wp:featuredmedia":[{"embeddable":true,"href":"http:\/\/www.rincondelbulla.cl\/portal\/wp-json\/wp\/v2\/media\/7683"}],"wp:attachment":[{"href":"http:\/\/www.rincondelbulla.cl\/portal\/wp-json\/wp\/v2\/media?parent=7682"}],"wp:term":[{"taxonomy":"category","embeddable":true,"href":"http:\/\/www.rincondelbulla.cl\/portal\/wp-json\/wp\/v2\/categories?post=7682"},{"taxonomy":"post_tag","embeddable":true,"href":"http:\/\/www.rincondelbulla.cl\/portal\/wp-json\/wp\/v2\/tags?post=7682"}],"curies":[{"name":"wp","href":"https:\/\/api.w.org\/{rel}","templated":true}]}}