{"id":7689,"date":"2015-10-01T01:40:22","date_gmt":"2015-10-01T01:40:22","guid":{"rendered":"http:\/\/www.rincondelbulla.cl\/portal\/?p=7689"},"modified":"2015-10-01T02:13:27","modified_gmt":"2015-10-01T02:13:27","slug":"la-u-supercampeona","status":"publish","type":"post","link":"http:\/\/www.rincondelbulla.cl\/portal\/2015\/10\/01\/la-u-supercampeona\/","title":{"rendered":"La \u00abU\u00bb Supercampeona"},"content":{"rendered":"<figure id=\"attachment_7690\" aria-describedby=\"caption-attachment-7690\" style=\"width: 793px\" class=\"wp-caption alignnone\"><a href=\"http:\/\/www.rincondelbulla.cl\/portal\/wp-content\/uploads\/2015\/10\/jose-rojas.png\"><img loading=\"lazy\" decoding=\"async\" class=\"size-full wp-image-7690\" src=\"http:\/\/www.rincondelbulla.cl\/portal\/wp-content\/uploads\/2015\/10\/jose-rojas.png\" alt=\"Foto: Gentileza Twitter U. de Chile.\" width=\"793\" height=\"441\" srcset=\"http:\/\/www.rincondelbulla.cl\/portal\/wp-content\/uploads\/2015\/10\/jose-rojas.png 793w, http:\/\/www.rincondelbulla.cl\/portal\/wp-content\/uploads\/2015\/10\/jose-rojas-300x167.png 300w, http:\/\/www.rincondelbulla.cl\/portal\/wp-content\/uploads\/2015\/10\/jose-rojas-768x427.png 768w, http:\/\/www.rincondelbulla.cl\/portal\/wp-content\/uploads\/2015\/10\/jose-rojas-696x387.png 696w, http:\/\/www.rincondelbulla.cl\/portal\/wp-content\/uploads\/2015\/10\/jose-rojas-755x420.png 755w\" sizes=\"auto, (max-width: 793px) 100vw, 793px\" \/><\/a><figcaption id=\"caption-attachment-7690\" class=\"wp-caption-text\">El capit\u00e1n Pepe Rojas y Sebasti\u00e1n Ubilla celebran el nuevo t\u00edtulo azul. Foto: Gentileza Twitter U. de Chile<\/figcaption><\/figure>\n<p><strong>Luego de una jornada m\u00e1s bien tranquila, Universidad de Chile logr\u00f3 un nuevo t\u00edtulo, esta vez al conseguir la Supercopa tras vencer a Universidad de Concepci\u00f3n por 2-1.<\/strong><\/p>\n<p><!--more--><\/p>\n<p>El equipo comenz\u00f3 temprano mostrando potencia ofensiva y a trav\u00e9s de triangulaciones entre Ubilla, Canales y Leo Valencia, el gol podr\u00eda haber ca\u00eddo m\u00e1s temprano a trav\u00e9s del propio Ubilla, que despedicio una gran oportunidad frente al portero adversario.<\/p>\n<p><strong>Sin embargo, la \u00abU\u00bb seguir\u00eda buscando el gol y llegar\u00eda, esto a los 9 minutos a trav\u00e9s de Cristi\u00e1n Su\u00e1rez, quien aprovechar\u00eda un centro por derecha de Corujo y la enviar\u00eda al fondo de las redes.<\/strong><\/p>\n<p>La apertura del marcador no calmar\u00eda los \u00e1nimos y los de Lasarte insistir\u00edan en buscar el segundo gol, el cual f\u00e1cilmente pudo llegar a los 20&#8242; pero Castro no logr\u00f3 darle comodamente y la envi\u00f3 arriba del travesa\u00f1o.<\/p>\n<p>En la segunda mitad, el equipo decaer\u00eda en cuanto a intenci\u00f3n y la U. de Conce cerrar\u00eda mejor los espacios. As\u00ed los del Campanil se har\u00edan de la posesi\u00f3n del bal\u00f3n, eso si, sin generar mayores oportunidades.<\/p>\n<p>Lasarte mover\u00eda algunas piezas para cerrar el partido, haciendo ingresar a Patricio Rubio y Mat\u00edas Rodr\u00edguez.<\/p>\n<p>Estos dos \u00faltimos ser\u00edan los encargados de generar el<strong> segundo gol, luego de una triangulaci\u00f3n en el \u00e1rea que &#8216;Matigol&#8217; lograr\u00eda empalmar<\/strong>. Parec\u00eda terminado, sin embargo cuando se iba el partido Patricio Polic cobrar\u00eda un penal inexistente en favor del equipo penquista y Manr\u00edquez ser\u00eda el encargado poner el descuento.<\/p>\n<p>Un t\u00edtulo que viene bien y calma los \u00e1nimos de este equipo que no pasa por su mejor momento. Cabe destacar que la \u00abU\u00bb al obtener la Supercopa logr\u00f3 un r\u00e9cord hist\u00f3rico, consiguiendo t\u00edtulos en cinco a\u00f1os consecutivos (Apertura y Clausura 2011, Apertura 2012, Copa Chile 2013, Apetura 2014 y Supercopa 2015).<\/p>\n<p>&nbsp;<\/p>\n","protected":false},"excerpt":{"rendered":"<p>Luego de una jornada m\u00e1s bien tranquila, Universidad de Chile logr\u00f3 un nuevo t\u00edtulo, esta vez al conseguir la Supercopa tras vencer a Universidad de Concepci\u00f3n por 2-1.<\/p>\n","protected":false},"author":21383,"featured_media":7690,"comment_status":"closed","ping_status":"open","sticky":false,"template":"","format":"standard","meta":{"footnotes":""},"categories":[18],"tags":[157,482],"class_list":{"0":"post-7689","1":"post","2":"type-post","3":"status-publish","4":"format-standard","5":"has-post-thumbnail","7":"category-actualidad","8":"tag-portada","9":"tag-supercopa"},"_links":{"self":[{"href":"http:\/\/www.rincondelbulla.cl\/portal\/wp-json\/wp\/v2\/posts\/7689","targetHints":{"allow":["GET"]}}],"collection":[{"href":"http:\/\/www.rincondelbulla.cl\/portal\/wp-json\/wp\/v2\/posts"}],"about":[{"href":"http:\/\/www.rincondelbulla.cl\/portal\/wp-json\/wp\/v2\/types\/post"}],"author":[{"embeddable":true,"href":"http:\/\/www.rincondelbulla.cl\/portal\/wp-json\/wp\/v2\/users\/21383"}],"replies":[{"embeddable":true,"href":"http:\/\/www.rincondelbulla.cl\/portal\/wp-json\/wp\/v2\/comments?post=7689"}],"version-history":[{"count":5,"href":"http:\/\/www.rincondelbulla.cl\/portal\/wp-json\/wp\/v2\/posts\/7689\/revisions"}],"predecessor-version":[{"id":7695,"href":"http:\/\/www.rincondelbulla.cl\/portal\/wp-json\/wp\/v2\/posts\/7689\/revisions\/7695"}],"wp:featuredmedia":[{"embeddable":true,"href":"http:\/\/www.rincondelbulla.cl\/portal\/wp-json\/wp\/v2\/media\/7690"}],"wp:attachment":[{"href":"http:\/\/www.rincondelbulla.cl\/portal\/wp-json\/wp\/v2\/media?parent=7689"}],"wp:term":[{"taxonomy":"category","embeddable":true,"href":"http:\/\/www.rincondelbulla.cl\/portal\/wp-json\/wp\/v2\/categories?post=7689"},{"taxonomy":"post_tag","embeddable":true,"href":"http:\/\/www.rincondelbulla.cl\/portal\/wp-json\/wp\/v2\/tags?post=7689"}],"curies":[{"name":"wp","href":"https:\/\/api.w.org\/{rel}","templated":true}]}}