{"id":7696,"date":"2015-10-01T02:37:39","date_gmt":"2015-10-01T02:37:39","guid":{"rendered":"http:\/\/www.rincondelbulla.cl\/portal\/?p=7696"},"modified":"2015-10-01T02:42:22","modified_gmt":"2015-10-01T02:42:22","slug":"la-alegria-y-mesura-del-camarin-supercampeon","status":"publish","type":"post","link":"http:\/\/www.rincondelbulla.cl\/portal\/2015\/10\/01\/la-alegria-y-mesura-del-camarin-supercampeon\/","title":{"rendered":"La alegr\u00eda y mesura del camar\u00edn Supercampe\u00f3n"},"content":{"rendered":"<figure id=\"attachment_7697\" aria-describedby=\"caption-attachment-7697\" style=\"width: 960px\" class=\"wp-caption alignnone\"><a href=\"http:\/\/www.rincondelbulla.cl\/portal\/wp-content\/uploads\/2015\/10\/Supercampeones-1.jpg\"><img loading=\"lazy\" decoding=\"async\" class=\"size-full wp-image-7697\" src=\"http:\/\/www.rincondelbulla.cl\/portal\/wp-content\/uploads\/2015\/10\/Supercampeones-1.jpg\" alt=\"Felices por el t\u00edtulo pero mentalizados en que hay que seguir mejorardo el juego se mostraron ele en camar\u00edn azul tras derrotar a U. de Concepci\u00f3n y alzar la Supercopa. Foto: www.udechile.cl\" width=\"960\" height=\"540\" srcset=\"http:\/\/www.rincondelbulla.cl\/portal\/wp-content\/uploads\/2015\/10\/Supercampeones-1.jpg 960w, http:\/\/www.rincondelbulla.cl\/portal\/wp-content\/uploads\/2015\/10\/Supercampeones-1-300x169.jpg 300w, http:\/\/www.rincondelbulla.cl\/portal\/wp-content\/uploads\/2015\/10\/Supercampeones-1-768x432.jpg 768w, http:\/\/www.rincondelbulla.cl\/portal\/wp-content\/uploads\/2015\/10\/Supercampeones-1-696x392.jpg 696w, http:\/\/www.rincondelbulla.cl\/portal\/wp-content\/uploads\/2015\/10\/Supercampeones-1-747x420.jpg 747w\" sizes=\"auto, (max-width: 960px) 100vw, 960px\" \/><\/a><figcaption id=\"caption-attachment-7697\" class=\"wp-caption-text\">Felices por el t\u00edtulo pero mentalizados en que hay que seguir mejorardo el juego se mostraron ele en camar\u00edn azul tras derrotar a U. de Concepci\u00f3n y alzar la Supercopa. Foto: www.udechile.cl<\/figcaption><\/figure>\n<p><strong>Si bien la obtenci\u00f3n de la Supercopa puede ser ese empuje an\u00edmico que tanto le ha faltado a la Universidad de chile, sus jugadores y t\u00e9cnico siguen llamando a la calma y al trabajo constante para intentar levantar el rendimiento y resultados cosechados hasta ahora.<\/strong><!--more--><\/p>\n<p><strong>\u201cTen\u00edamos que ganar porque era un trofeo que estaba en disputa, as\u00ed que hay que tomarlo con responsabilidad y que vamos por una mejora\u201d.<\/strong> \u00a0As\u00ed defini\u00f3 Gustavo Canales el actual momento azul, una vez consolidado el t\u00edtulo de la Supercopa del F\u00fatbol Chileno.<\/p>\n<p>Sobra la importancia de la obtenci\u00f3n de este trofeo, el nacido en General Roca asegur\u00f3 que <strong>\u201clos triunfos se valoran mucho, pero nosotros estamos tras la forma que yo creo nos va a acercar m\u00e1s a ganar los partidos. Esto es un lindo premio al esfuerzo porque el grupo sabe que tiene la responsabilidad de ganar siempre\u201d.<\/strong><\/p>\n<p>Otro que destac\u00f3 el triunfo y ratific\u00f3 el llamado a la mesura fue Gonzalo Espinoza. <strong>\u201cEl ganar este tipo de partidos nos da confianza para enfrentar lo que resta de campeonato. Ahora trataremos de ir subiendo el nivel\u201d, <\/strong>dijo el volante azul.<\/p>\n<p>Una vez m\u00e1s enfr\u00edo, al interior del camar\u00edn, el t\u00e9cnico Mart\u00edn Lasarte tambi\u00e9n entreg\u00f3 su an\u00e1lisis de este partido y del trofeo obtenido. <strong>\u201cSiempre la obtenci\u00f3n de un t\u00edtulo es bueno y beneficioso. M\u00e1s para nosotros que venimos tratando de repuntar una din\u00e1mica que no ha sido beneficiosa para nosotros\u201d. <\/strong>Sobre una posible alza en el rendimiento del equipo, el charr\u00faa asegur\u00f3 que <strong>\u201cvenimos de un triunfo justo contra Cobresal. Nosotros tenemos que seguir trabajando para mejor. Ojal\u00e1 que este triunfo sirva para posicionarnos y dar una cara mejor que la demostrada hasta ahora\u201d.<\/strong><\/p>\n","protected":false},"excerpt":{"rendered":"<p>Si bien la obtenci\u00f3n de la Supercopa puede ser ese empuje an\u00edmico que tanto le ha faltado a la Universidad de chile, sus jugadores y t\u00e9cnico siguen llamando a la calma y al trabajo constante para intentar levantar el rendimiento y resultados cosechados hasta ahora.<\/p>\n","protected":false},"author":21382,"featured_media":7698,"comment_status":"closed","ping_status":"open","sticky":false,"template":"","format":"standard","meta":{"footnotes":""},"categories":[18],"tags":[454,385,483,341,261,56,224,157,463,156,462],"class_list":{"0":"post-7696","1":"post","2":"type-post","3":"status-publish","4":"format-standard","5":"has-post-thumbnail","7":"category-actualidad","8":"tag-actualidad","9":"tag-anfp","10":"tag-campeon","11":"tag-cobresal","12":"tag-gonzalo-espinoza","13":"tag-gustavo-canales","14":"tag-martin-lasarte","15":"tag-portada","16":"tag-supercopa-futbol-chileno","17":"tag-universidad-de-chile","18":"tag-universidad-de-concepcion"},"_links":{"self":[{"href":"http:\/\/www.rincondelbulla.cl\/portal\/wp-json\/wp\/v2\/posts\/7696","targetHints":{"allow":["GET"]}}],"collection":[{"href":"http:\/\/www.rincondelbulla.cl\/portal\/wp-json\/wp\/v2\/posts"}],"about":[{"href":"http:\/\/www.rincondelbulla.cl\/portal\/wp-json\/wp\/v2\/types\/post"}],"author":[{"embeddable":true,"href":"http:\/\/www.rincondelbulla.cl\/portal\/wp-json\/wp\/v2\/users\/21382"}],"replies":[{"embeddable":true,"href":"http:\/\/www.rincondelbulla.cl\/portal\/wp-json\/wp\/v2\/comments?post=7696"}],"version-history":[{"count":1,"href":"http:\/\/www.rincondelbulla.cl\/portal\/wp-json\/wp\/v2\/posts\/7696\/revisions"}],"predecessor-version":[{"id":7699,"href":"http:\/\/www.rincondelbulla.cl\/portal\/wp-json\/wp\/v2\/posts\/7696\/revisions\/7699"}],"wp:featuredmedia":[{"embeddable":true,"href":"http:\/\/www.rincondelbulla.cl\/portal\/wp-json\/wp\/v2\/media\/7698"}],"wp:attachment":[{"href":"http:\/\/www.rincondelbulla.cl\/portal\/wp-json\/wp\/v2\/media?parent=7696"}],"wp:term":[{"taxonomy":"category","embeddable":true,"href":"http:\/\/www.rincondelbulla.cl\/portal\/wp-json\/wp\/v2\/categories?post=7696"},{"taxonomy":"post_tag","embeddable":true,"href":"http:\/\/www.rincondelbulla.cl\/portal\/wp-json\/wp\/v2\/tags?post=7696"}],"curies":[{"name":"wp","href":"https:\/\/api.w.org\/{rel}","templated":true}]}}