{"id":7820,"date":"2015-11-05T01:51:24","date_gmt":"2015-11-05T01:51:24","guid":{"rendered":"http:\/\/www.rincondelbulla.cl\/portal\/?p=7820"},"modified":"2015-11-05T01:51:24","modified_gmt":"2015-11-05T01:51:24","slug":"la-u-da-el-primer-golpe-en-la-semifinal","status":"publish","type":"post","link":"http:\/\/www.rincondelbulla.cl\/portal\/2015\/11\/05\/la-u-da-el-primer-golpe-en-la-semifinal\/","title":{"rendered":"La \u00abU\u00bb da el primer golpe en la Semifinal"},"content":{"rendered":"<figure id=\"attachment_7821\" aria-describedby=\"caption-attachment-7821\" style=\"width: 1100px\" class=\"wp-caption alignnone\"><a href=\"http:\/\/www.rincondelbulla.cl\/portal\/wp-content\/uploads\/2015\/11\/IMG_93721.jpg\"><img loading=\"lazy\" decoding=\"async\" class=\"size-full wp-image-7821\" src=\"http:\/\/www.rincondelbulla.cl\/portal\/wp-content\/uploads\/2015\/11\/IMG_93721.jpg\" alt=\"Foto: Patricio Gonz\u00e1lez\" width=\"1100\" height=\"733\" srcset=\"http:\/\/www.rincondelbulla.cl\/portal\/wp-content\/uploads\/2015\/11\/IMG_93721.jpg 1100w, http:\/\/www.rincondelbulla.cl\/portal\/wp-content\/uploads\/2015\/11\/IMG_93721-300x200.jpg 300w, http:\/\/www.rincondelbulla.cl\/portal\/wp-content\/uploads\/2015\/11\/IMG_93721-768x512.jpg 768w, http:\/\/www.rincondelbulla.cl\/portal\/wp-content\/uploads\/2015\/11\/IMG_93721-696x464.jpg 696w, http:\/\/www.rincondelbulla.cl\/portal\/wp-content\/uploads\/2015\/11\/IMG_93721-1068x712.jpg 1068w, http:\/\/www.rincondelbulla.cl\/portal\/wp-content\/uploads\/2015\/11\/IMG_93721-630x420.jpg 630w\" sizes=\"auto, (max-width: 1100px) 100vw, 1100px\" \/><\/a><figcaption id=\"caption-attachment-7821\" class=\"wp-caption-text\">Foto: Patricio Gonz\u00e1lez<\/figcaption><\/figure>\n<p><strong>Esta tarde Universidad de Chile visitaba a la U. de Concepci\u00f3n por el partido de ida de Semifinales en Copa Chile. Finalmente, el equipo de Lasarte venci\u00f3 por la m\u00ednima al Campanil, con un solitario gol de Patricio Rubio.<\/strong><\/p>\n<p>En la primera parte, el encuentro fue bastante disputado entre ambas escuadras y con ocasiones de peligro para los dos. <strong>Entre Leandro Benegas y Pato Rubio<\/strong> se las ingeniaban para tratar de hacer da\u00f1o, siendo este \u00faltimo el due\u00f1o de la m\u00e1s clara tras un pase de Valencia, que finalmente se fue sobre el travesa\u00f1o.<\/p>\n<p>Tras haber perdido el penal ante Colo-Colo el \u00e1nimo con que llegaba Rubio no era el mejor, sin embargo, esto no fue impedimento para que ya en la parte final del cotejo, el goleador lograse batir a Mu\u00f1oz y entregase la victoria definitiva a la \u00abU\u00bb. Celebraci\u00f3n con sacada de polera inclu\u00edda, dejando atr\u00e1s una semana negra.<\/p>\n<p>En el encuentro destacaron por ejemplo, el regreso de Guzm\u00e1n Pereira, luego de una lesi\u00f3n que lo tuvo fuera un par de meses.<\/p>\n<p><strong>Sobre la Universidad de Chile, cabe destacar que el partido de vuelta se jugar\u00e1 el pr\u00f3ximo jueves, a las 20:00 horas en el Estadio Nacional.<\/strong><\/p>\n","protected":false},"excerpt":{"rendered":"<p>Esta tarde Universidad de Chile visitaba a la U. de Concepci\u00f3n por el partido de ida de Semifinales en Copa Chile. Finalmente, el equipo de Lasarte venci\u00f3 por la m\u00ednima al Campanil, con un solitario gol de Patricio Rubio. En la primera parte, el encuentro fue bastante disputado entre ambas escuadras y con ocasiones de [&#8230;]<\/p>\n","protected":false},"author":21383,"featured_media":7822,"comment_status":"closed","ping_status":"open","sticky":false,"template":"","format":"standard","meta":{"footnotes":""},"categories":[18],"tags":[],"class_list":{"0":"post-7820","1":"post","2":"type-post","3":"status-publish","4":"format-standard","5":"has-post-thumbnail","7":"category-actualidad"},"_links":{"self":[{"href":"http:\/\/www.rincondelbulla.cl\/portal\/wp-json\/wp\/v2\/posts\/7820","targetHints":{"allow":["GET"]}}],"collection":[{"href":"http:\/\/www.rincondelbulla.cl\/portal\/wp-json\/wp\/v2\/posts"}],"about":[{"href":"http:\/\/www.rincondelbulla.cl\/portal\/wp-json\/wp\/v2\/types\/post"}],"author":[{"embeddable":true,"href":"http:\/\/www.rincondelbulla.cl\/portal\/wp-json\/wp\/v2\/users\/21383"}],"replies":[{"embeddable":true,"href":"http:\/\/www.rincondelbulla.cl\/portal\/wp-json\/wp\/v2\/comments?post=7820"}],"version-history":[{"count":1,"href":"http:\/\/www.rincondelbulla.cl\/portal\/wp-json\/wp\/v2\/posts\/7820\/revisions"}],"predecessor-version":[{"id":7823,"href":"http:\/\/www.rincondelbulla.cl\/portal\/wp-json\/wp\/v2\/posts\/7820\/revisions\/7823"}],"wp:featuredmedia":[{"embeddable":true,"href":"http:\/\/www.rincondelbulla.cl\/portal\/wp-json\/wp\/v2\/media\/7822"}],"wp:attachment":[{"href":"http:\/\/www.rincondelbulla.cl\/portal\/wp-json\/wp\/v2\/media?parent=7820"}],"wp:term":[{"taxonomy":"category","embeddable":true,"href":"http:\/\/www.rincondelbulla.cl\/portal\/wp-json\/wp\/v2\/categories?post=7820"},{"taxonomy":"post_tag","embeddable":true,"href":"http:\/\/www.rincondelbulla.cl\/portal\/wp-json\/wp\/v2\/tags?post=7820"}],"curies":[{"name":"wp","href":"https:\/\/api.w.org\/{rel}","templated":true}]}}