{"id":7828,"date":"2015-11-09T19:03:05","date_gmt":"2015-11-09T19:03:05","guid":{"rendered":"http:\/\/www.rincondelbulla.cl\/portal\/?p=7828"},"modified":"2015-11-09T19:05:00","modified_gmt":"2015-11-09T19:05:00","slug":"johnny-herrera-y-los-ultimos-incidentes-en-el-superclasico-la-penultima-vez-casi-me-cogotean-el-colocolino-es-asi","status":"publish","type":"post","link":"http:\/\/www.rincondelbulla.cl\/portal\/2015\/11\/09\/johnny-herrera-y-los-ultimos-incidentes-en-el-superclasico-la-penultima-vez-casi-me-cogotean-el-colocolino-es-asi\/","title":{"rendered":"Johnny Herrera y los \u00faltimos incidentes en el Supercl\u00e1sico: \u201cLa pen\u00faltima vez casi me \u2018cogotean\u2019\u2026 El colocolino es as\u00ed\u201d"},"content":{"rendered":"<figure id=\"attachment_7782\" aria-describedby=\"caption-attachment-7782\" style=\"width: 1100px\" class=\"wp-caption alignnone\"><a href=\"http:\/\/www.rincondelbulla.cl\/portal\/wp-content\/uploads\/2015\/10\/42.jpg\"><img loading=\"lazy\" decoding=\"async\" class=\"size-full wp-image-7782\" src=\"http:\/\/www.rincondelbulla.cl\/portal\/wp-content\/uploads\/2015\/10\/42.jpg\" alt=\"El referente azul habl\u00f3 en exclusiva con una radio y se refiri\u00f3 a varios temas. Los incidentes en el Monumental, Lasarte y su reclusi\u00f3n nocturna no escaparon de su an\u00e1lisis. Foto: www.rincondelbulla.cl\" width=\"1100\" height=\"733\" srcset=\"http:\/\/www.rincondelbulla.cl\/portal\/wp-content\/uploads\/2015\/10\/42.jpg 1100w, http:\/\/www.rincondelbulla.cl\/portal\/wp-content\/uploads\/2015\/10\/42-300x200.jpg 300w, http:\/\/www.rincondelbulla.cl\/portal\/wp-content\/uploads\/2015\/10\/42-768x512.jpg 768w, http:\/\/www.rincondelbulla.cl\/portal\/wp-content\/uploads\/2015\/10\/42-696x464.jpg 696w, http:\/\/www.rincondelbulla.cl\/portal\/wp-content\/uploads\/2015\/10\/42-1068x712.jpg 1068w, http:\/\/www.rincondelbulla.cl\/portal\/wp-content\/uploads\/2015\/10\/42-630x420.jpg 630w\" sizes=\"auto, (max-width: 1100px) 100vw, 1100px\" \/><\/a><figcaption id=\"caption-attachment-7782\" class=\"wp-caption-text\">El referente azul lament\u00f3 los hechos ocurridos en Pedreros y llam\u00f3 a las autoridades de la ANFP a tomar medidas y garantizar la seguridad de los jugadores. Foto: www.rincondelbulla.cl<\/figcaption><\/figure>\n<p><strong>El \u00eddolo azul habl\u00f3 este lunes en exclusiva con Radio Cooperativa y repas\u00f3 varios temas. Lament\u00f3 y conden\u00f3 los incidentes ocurridos en el Monumental, habl\u00f3 de Mart\u00edn Lasarte y de la reclusi\u00f3n nocturna que cumple actualmente.<\/strong><!--more--><\/p>\n<p>Fiel a su estilo, este lunes Johnny Herrera enfrent\u00f3 los micr\u00f3fonos de Radio Cooperativa y tuvo palabras para diferentes temas en los cuales ha sido protagonistas. En exclusiva con el medio, el portero azul habl\u00f3 de los incidentes ocurridos en el Estadio Monumental en la previa, desarrollo y post partido en el \u00faltimo Supercl\u00e1sico.<\/p>\n<p>El meta hizo un llamado a los dirigentes correspondientes de la ANFP para que se tomen las medidas necesarias para garantizar la seguridad de todos los futbolistas cada vez que se desarrolle su profesi\u00f3n. <strong>\u00abQue una vez por todas se tomen medidas porque es reiterativo. A presencia de todos tiraban hasta excremento, pa\u00f1ales con fecas. En ninguna parte del mundo, ni en el pa\u00eds, ni en el estadio menos desarrollado; ni en el barrio cuando yo jugaba en Angol, viv\u00ed una estupidez de ese tama\u00f1o (\u2026) Las autoridades del f\u00fatbol chileno tienen que hacer regir las normas b\u00e1sicas como para hacer nuestro trabajo como futbolistas\u00a0y si no lo hacen es lamentable, no es la primera vez que pasa\u00bb<\/strong>, dijo Herrera, al mismo tiempo que lament\u00f3 que en el estadio de un equipo como Colo Colo sucedan estas situaciones. <strong>\u00abEs triste que el estadio de uno de los equipos m\u00e1s populares de este pa\u00eds tenga ese tipo de inconvenientes, m\u00e1s cuando va gente a jugar all\u00e1\u201d<\/strong>.<\/p>\n<p>Pero su cr\u00edtica no qued\u00f3 ah\u00ed. Denunci\u00f3 incluso que en una oportunidad, saliendo del camar\u00edn visitante, casi es v\u00edctima de un acto delictual. <strong>\u201cLa pen\u00faltima vez a m\u00ed casi me &#8216;cogotearon&#8217; en la salida del camar\u00edn propio,\u00a0entonces es dif\u00edcil, pero que le vamos a hacer, es su forma de ser, el colocolino es as\u00ed\u00bb<\/strong>, asegur\u00f3 en su estilo el referente universitario.<\/p>\n<p>Herrera finaliz\u00f3 su opini\u00f3n pidiendo <strong>\u00abque se tomen las medidas que se deben y punto, y que no vuelvan a ocurrir este tipo de situaciones porque no dejan mal al f\u00fatbol chileno, sino que te dejan mal como pa\u00eds en realidad.\u00a0Acorde a ello que pase lo que tenga que pasar y que no vuelvan a ocurrir este tipo de situaciones\u00bb<\/strong>.<\/p>\n<p><strong>POSIBLE SALIDA DE LASARTE Y SU EVENTUAL REEMPLAZANTE<\/strong><\/p>\n<p>Las cr\u00edticas al t\u00e9cnico azul Mart\u00edn Lasarte est\u00e1n m\u00e1s potentes en las \u00faltimas semanas, al punto de pedir su pronta salida de la banca por parte de algunos hinchas. Consultado sobre esto, Johnny Herrera indic\u00f3 antes de criticar \u201cdeben centrarse en el presente y en los desaf\u00edos que quedan\u201d.<\/p>\n<p><strong>\u00abNo me gu\u00edo por potenciales t\u00e9cnicos que puedan llegar o mirando a futuro, yo soy s\u00f3lo presente y \u00e9l es nuestro t\u00e9cnico. Todav\u00eda tenemos desaf\u00edos importantes y ojal\u00e1 que los podamos concretar. Si \u00e9l sigue ac\u00e1,\u00a0no hay nada m\u00e1s bonito que irse como campe\u00f3n\u00a0y \u00e9l tiene la gran posibilidad. Ahora nos queda terminar bien en el a\u00f1o y en diciembre se ver\u00e1 cu\u00e1l es la decisi\u00f3n del club con respecto al cuerpo t\u00e9cnico\u00bb<\/strong>, sentenci\u00f3 el portero.<\/p>\n<p><strong>SU RECLUSI\u00d3N NOCTURNA: \u201cEST\u00c1N CONTENTAS MI POLOLA Y MI MAM\u00c1\u00a0PORQUE AHORA ESTOY M\u00c1S EN LA CASA\u201d<\/strong><\/p>\n<p>Johnny Herrera quiso abrir si intimidad y por primera vez se refiri\u00f3 a la reclusi\u00f3n nocturna que cumple en su hogar. El meta asegur\u00f3 que prefiri\u00f3 aceptar esta medida cautelar para evitar un juicio. <strong>\u00abCreo que fue un tir\u00f3n de orejas por algo en lo que ni siquiera yo estaba envuelto, me acus\u00f3 alguien de la (Radio) <em>B\u00edo B\u00edo<\/em>\u00a0y \u00e9l mismo se desdijo despu\u00e9s. Yo solamente por evitar el tema de ir a juicio, llegu\u00e9 a un acuerdo con la fiscal\u00eda y se opt\u00f3 por esa medida\u00bb<\/strong>, se sincer\u00f3 el jugador.<\/p>\n<p>Tambi\u00e9n se tom\u00f3 el tema con soltura y de manera l\u00fadica, y entre risas, confes\u00f3 quienes son las personas m\u00e1s felices con su reclusi\u00f3n domiciliaria. <strong>\u00abEst\u00e1 contenta mi polola y mi mam\u00e1\u00a0porque ahora estoy m\u00e1s en la casa. Antes cuando ten\u00eda los fines de semana libres, pod\u00eda jugar, salir con mis amigos, pero lo he tomado s\u00faper bien\u00bb<\/strong>.<\/p>\n<p>Herrera no se cerr\u00f3 a m\u00e1s adelante ser parte de una campa\u00f1a para concientizar\u00a0sobre accidentes, que est\u00e9 enfocada tanto en educar a los conductores como a los peatones. <strong>\u00abEst\u00e1 dentro de las probabilidades, pero\u00a0esta es una campa\u00f1a generalizada, no solamente al conductor. No tengo claro los porcentajes, pero cu\u00e1nta es la cantidad de gente es la que cruza por lugares que no corresponden. Obviamente est\u00e1 la predisposici\u00f3n para poder aportar con lo que pueda, pero no s\u00e9 desde qu\u00e9 punto\u00bb<\/strong>, asegur\u00f3 el tambi\u00e9n meta de la Selecci\u00f3n Chilena.<\/p>\n","protected":false},"excerpt":{"rendered":"<p>El \u00eddolo azul habl\u00f3 este lunes en exclusiva con Radio Cooperativa y repas\u00f3 varios temas. Lament\u00f3 y conden\u00f3 los incidentes ocurridos en el Monumental, habl\u00f3 de Mart\u00edn Lasarte y de la reclusi\u00f3n nocturna que cumple actualmente.<\/p>\n","protected":false},"author":21382,"featured_media":6762,"comment_status":"closed","ping_status":"open","sticky":false,"template":"","format":"standard","meta":{"footnotes":""},"categories":[18],"tags":[454,385,489,488,422,41,224,491,157,493,492,490],"class_list":{"0":"post-7828","1":"post","2":"type-post","3":"status-publish","4":"format-standard","5":"has-post-thumbnail","7":"category-actualidad","8":"tag-actualidad","9":"tag-anfp","10":"tag-entrevista","11":"tag-estadio-monumental","12":"tag-incidentes","13":"tag-johnny-herrera","14":"tag-martin-lasarte","15":"tag-medida-cautelar","16":"tag-portada","17":"tag-radio-bio-bio","18":"tag-radio-cooperativa","19":"tag-reclusion-nocturna"},"_links":{"self":[{"href":"http:\/\/www.rincondelbulla.cl\/portal\/wp-json\/wp\/v2\/posts\/7828","targetHints":{"allow":["GET"]}}],"collection":[{"href":"http:\/\/www.rincondelbulla.cl\/portal\/wp-json\/wp\/v2\/posts"}],"about":[{"href":"http:\/\/www.rincondelbulla.cl\/portal\/wp-json\/wp\/v2\/types\/post"}],"author":[{"embeddable":true,"href":"http:\/\/www.rincondelbulla.cl\/portal\/wp-json\/wp\/v2\/users\/21382"}],"replies":[{"embeddable":true,"href":"http:\/\/www.rincondelbulla.cl\/portal\/wp-json\/wp\/v2\/comments?post=7828"}],"version-history":[{"count":1,"href":"http:\/\/www.rincondelbulla.cl\/portal\/wp-json\/wp\/v2\/posts\/7828\/revisions"}],"predecessor-version":[{"id":7829,"href":"http:\/\/www.rincondelbulla.cl\/portal\/wp-json\/wp\/v2\/posts\/7828\/revisions\/7829"}],"wp:featuredmedia":[{"embeddable":true,"href":"http:\/\/www.rincondelbulla.cl\/portal\/wp-json\/wp\/v2\/media\/6762"}],"wp:attachment":[{"href":"http:\/\/www.rincondelbulla.cl\/portal\/wp-json\/wp\/v2\/media?parent=7828"}],"wp:term":[{"taxonomy":"category","embeddable":true,"href":"http:\/\/www.rincondelbulla.cl\/portal\/wp-json\/wp\/v2\/categories?post=7828"},{"taxonomy":"post_tag","embeddable":true,"href":"http:\/\/www.rincondelbulla.cl\/portal\/wp-json\/wp\/v2\/tags?post=7828"}],"curies":[{"name":"wp","href":"https:\/\/api.w.org\/{rel}","templated":true}]}}