{"id":783,"date":"2008-05-27T10:38:00","date_gmt":"2008-05-27T10:38:00","guid":{"rendered":"http:\/\/www.rincondelbulla.cl\/portal\/?p=783"},"modified":"2008-05-27T10:38:00","modified_gmt":"2008-05-27T10:38:00","slug":"arturo-salah-prometio-que-les-dara-mas-partidos-a-los-jovenes-se-quedan-casi-todos","status":"publish","type":"post","link":"http:\/\/www.rincondelbulla.cl\/portal\/2008\/05\/27\/arturo-salah-prometio-que-les-dara-mas-partidos-a-los-jovenes-se-quedan-casi-todos\/","title":{"rendered":"Arturo Salah prometi\u00f3 que les dar\u00e1 m\u00e1s partidos a los j\u00f3venes: Se quedan casi todos"},"content":{"rendered":"<p><img decoding=\"async\" src=\"images\/stories\/raul_estevez3.jpg\" hspace=\"6\" alt=\"\" title=\"\" border=\"0\" style=\"float: left;\" \/><b>El DT asegur&oacute; que jugadores como Ra&uacute;l &quot;Pipa&quot; Est&eacute;vez debieran destaparse en el Clausura. Podr&iacute;a llegar Sebasti&aacute;n Pardo.<\/b><br \/> Una de las mayores cr&iacute;ticas que le hac&iacute;an a Salah en Azul Azul es que no potenci&oacute; nuevos jugadores para futuras ventas.<br \/> Ayer el estratega asegur&oacute; que ya se convenci&oacute; de que hay varios futbolistas  <!--more--> j&oacute;venes que est&aacute;n listos para dar el salto definitivo y se comprometi&oacute; a darles m&aacute;s minutos de juego, por lo que no deber&iacute;a sorprender ver m&aacute;s en acci&oacute;n a algunos como Nicol&aacute;s Larrondo, Felipe Seymour o Mauricio &quot;Hormona&quot; G&oacute;mez, entre otros.<\/p>\n<p> Es m&aacute;s: Salah asegur&oacute; que la mayor parte del plantel tiene que mantenerse. Est&aacute; convencido de que todos rendir&aacute;n m&aacute;s el segundo semestre. Es el caso de Ra&uacute;l &quot;Pipa&quot; Est&eacute;vez. El estratega lo defendi&oacute; a brazo partido ante los jefes directivos, asegurando que el argentino &quot;explotar&aacute;&quot; en el Clausura.<\/p>\n<p> El DT analizar&aacute; esta semana qui&eacute;nes seguir&aacute;n y qui&eacute;nes no. Entre los que podr&iacute;an partir se cuenta a Manuel Villalobos y Pedro Morales, quienes podr&iacute;an ser vendidos para &quot;hacer caja&quot;.<\/p>\n<p> Si se va Morales (el empresario Diego Solivaret recibi&oacute; la misi&oacute;n de ponerlo en Europa), asoma Sebasti&aacute;n Pardo como virtual refuerzo. El volante, forjado en la cantera azul, est&aacute; sin club luego de que Feyenoord no le renovara contrato (hasta mayo estuvo a pr&eacute;stamo en el Excelsior holand&eacute;s).<\/p>\n<p> &quot;No nos vamos a despotenciar. Eso es seguro. Si vendemos, contrataremos a otro. Por el momento Salah no ha planteado que deba irse ning&uacute;n jugador del equipo&quot;, confirm&oacute; Federico Vald&eacute;s.El central Rodrigo Rivera es otro que no continuar&iacute;a. Su pase pertenece al empresario Leonardo Rodr&iacute;guez, quien quiere ubicarlo en el extranjero, aunque la U igual intentar&aacute; retenerlo <\/p>\n","protected":false},"excerpt":{"rendered":"<p>El DT asegur&oacute; que jugadores como Ra&uacute;l &quot;Pipa&quot; Est&eacute;vez debieran destaparse en el Clausura. Podr&iacute;a llegar Sebasti&aacute;n Pardo. Una de las mayores cr&iacute;ticas que le hac&iacute;an a Salah en Azul Azul es que no potenci&oacute; nuevos jugadores para futuras ventas. Ayer el estratega asegur&oacute; que ya se convenci&oacute; de que hay varios futbolistas<\/p>\n","protected":false},"author":1,"featured_media":0,"comment_status":"open","ping_status":"open","sticky":false,"template":"","format":"standard","meta":{"footnotes":""},"categories":[18],"tags":[],"class_list":{"0":"post-783","1":"post","2":"type-post","3":"status-publish","4":"format-standard","6":"category-actualidad"},"_links":{"self":[{"href":"http:\/\/www.rincondelbulla.cl\/portal\/wp-json\/wp\/v2\/posts\/783","targetHints":{"allow":["GET"]}}],"collection":[{"href":"http:\/\/www.rincondelbulla.cl\/portal\/wp-json\/wp\/v2\/posts"}],"about":[{"href":"http:\/\/www.rincondelbulla.cl\/portal\/wp-json\/wp\/v2\/types\/post"}],"author":[{"embeddable":true,"href":"http:\/\/www.rincondelbulla.cl\/portal\/wp-json\/wp\/v2\/users\/1"}],"replies":[{"embeddable":true,"href":"http:\/\/www.rincondelbulla.cl\/portal\/wp-json\/wp\/v2\/comments?post=783"}],"version-history":[{"count":0,"href":"http:\/\/www.rincondelbulla.cl\/portal\/wp-json\/wp\/v2\/posts\/783\/revisions"}],"wp:attachment":[{"href":"http:\/\/www.rincondelbulla.cl\/portal\/wp-json\/wp\/v2\/media?parent=783"}],"wp:term":[{"taxonomy":"category","embeddable":true,"href":"http:\/\/www.rincondelbulla.cl\/portal\/wp-json\/wp\/v2\/categories?post=783"},{"taxonomy":"post_tag","embeddable":true,"href":"http:\/\/www.rincondelbulla.cl\/portal\/wp-json\/wp\/v2\/tags?post=783"}],"curies":[{"name":"wp","href":"https:\/\/api.w.org\/{rel}","templated":true}]}}