{"id":8088,"date":"2016-01-18T20:40:56","date_gmt":"2016-01-18T20:40:56","guid":{"rendered":"http:\/\/www.rincondelbulla.cl\/portal\/?p=8088"},"modified":"2016-01-18T20:40:56","modified_gmt":"2016-01-18T20:40:56","slug":"marca-personal-el-tibio-comienzo-de-la-era-beccacece","status":"publish","type":"post","link":"http:\/\/www.rincondelbulla.cl\/portal\/2016\/01\/18\/marca-personal-el-tibio-comienzo-de-la-era-beccacece\/","title":{"rendered":"Marca Personal: El tibio comienzo de la era Beccacece"},"content":{"rendered":"<p><a href=\"http:\/\/www.rincondelbulla.cl\/portal\/wp-content\/uploads\/2016\/01\/antofa.jpg\"><img loading=\"lazy\" decoding=\"async\" class=\"size-full wp-image-8089\" src=\"http:\/\/www.rincondelbulla.cl\/portal\/wp-content\/uploads\/2016\/01\/antofa.jpg\" alt=\"F\u00fatbol, Antofagasta v Universidad de Chile. Primera fecha, Campeonato de Clausura 2016. El jugador de Universidad de Chile, Matias Corujo, izquierda, disputa el bal\u00f3n con Luis Cabrera de Antofagasta durante el partido de primera divisi\u00f3n en el estadio Calvo y Bascu\u00f1\u00e1n de Antofagasta, Chile. 17\/01\/2016 Andr\u00e9s Pi\u00f1a\/Photosport******* Football, Antofagasta v Universidad de Chile. First date, Clousure Championship 2016. Universidad de Chile's player, Matias Corujo, left, battles for the ball against Luis Cabrera of Antofagasta during the first division football match at the Calvo y Bascu\u00f1\u00e1n stadium in Antofagasta, Chile. 17\/01\/2016 Andres Pina\/Photosport\" width=\"2236\" height=\"1490\" srcset=\"http:\/\/www.rincondelbulla.cl\/portal\/wp-content\/uploads\/2016\/01\/antofa.jpg 2236w, http:\/\/www.rincondelbulla.cl\/portal\/wp-content\/uploads\/2016\/01\/antofa-300x200.jpg 300w, http:\/\/www.rincondelbulla.cl\/portal\/wp-content\/uploads\/2016\/01\/antofa-768x512.jpg 768w, http:\/\/www.rincondelbulla.cl\/portal\/wp-content\/uploads\/2016\/01\/antofa-1200x800.jpg 1200w, http:\/\/www.rincondelbulla.cl\/portal\/wp-content\/uploads\/2016\/01\/antofa-696x464.jpg 696w, http:\/\/www.rincondelbulla.cl\/portal\/wp-content\/uploads\/2016\/01\/antofa-1068x712.jpg 1068w, http:\/\/www.rincondelbulla.cl\/portal\/wp-content\/uploads\/2016\/01\/antofa-630x420.jpg 630w\" sizes=\"auto, (max-width: 2236px) 100vw, 2236px\" \/><\/a><\/p>\n<p><strong>Al fin debut\u00f3 oficialmente el \u201cRom\u00e1ntico Viajero\u201d modelo Beccacece, si bien creemos que el equipo a\u00fan est\u00e1 en deuda, tenemos esperanzas en que el otrora ayudante de Don Sampa le va a sacar trote al equipo y lo llevar\u00e1 al lugar que se merece.<\/strong><!--more--><\/p>\n<p>Altas eran las expectativas sobre el estilo de juego del equipo \u201cM\u00e1gico\u201d bajo el mando de Beccacece, y el comienzo daba para ilusionarse, sin embargo los delanteros en el primer tiempo derrocharon una tras otra ocasi\u00f3n de gol en los primeros 20 minutos de juego. La din\u00e1mica no era la misma, y se le cedi\u00f3 terreno a Antofagasta. Asi las cosas luego de una gran recuperaci\u00f3n de Droguet y mejor habilitaci\u00f3n fue el CDA quienes abrieron la cuenta en el Norte grande del pa\u00eds.<\/p>\n<p>En el segundo tiempo Beccacece realiz\u00f3 cambios, y con el ingreso de Canales el equipo obtuvo una mayor claridad y mayor confianza en delantera, pero le falta profundizar de mejor manera el dominio del bal\u00f3n (60% aprox). El empate lleg\u00f3 a trav\u00e9s de un cabezazo de Su\u00e1rez. Lo positivo es que en Defensa se vio mucho m\u00e1s organizada que en la era Lasarte. Esto reci\u00e9n comienza se\u00f1ores y seguimos ilusionados, este es el Marca Personal del Rinc\u00f3n del Bulla:<\/p>\n<p><strong>25.-Johnny Herrera: Mejor\u00f3 a lo mostrado en el semestre pasado, en el gol nada que hacer. Nota 6.0<\/strong><\/p>\n<p><strong>5.-Mathias Corujo:<\/strong> No subi\u00f3 tanto como lo hac\u00eda en sus mejores tiempos, se le vi\u00f3 bien complementado en labores defensivas. Nota 4.5<\/p>\n<p><strong>23.-Cristi\u00e1n Su\u00e1rez:<\/strong> Subi\u00f3 mucho el nivel mostrado el a\u00f1o pasado, se entendi\u00f3 de buena manera con Ramirez. Nota 5.0<\/p>\n<p><strong>14.-Nicolas Ramirez:<\/strong> Con mucha personalidad pide camiseta de titular, al menos en el torneo local, el joven defensor azul. Nota 5.0<\/p>\n<p><strong>17.-Joao Ortiz<\/strong>: Pasan los t\u00e9cnicos y sigue sin convencer, no ataca ni defiende bien. Nota 3.0<\/p>\n<p><strong>24.- Guzm\u00e1n Pereira:<\/strong> En el esquema de Beccacece se necesita un poco m\u00e1s de precisi\u00f3n que la que ofrece el \u201cCharrua\u201d, ayer no anduvo bien el buen volante Uruguayo. Nota 4.0<\/p>\n<p><strong>16.-Matias Rodriguez:<\/strong> Si bien no anduvo mal, le falta manejar mejor el puesto en el mediocampo. Nota 4.5<\/p>\n<p><strong>22.-Gustavo Lorenzetti:<\/strong> El \u201cDuende Azul\u201d siempre logra ser titular derrochando sacrificio y compa\u00f1erismo en la cancha. Nota 5.0<\/p>\n<p><strong>11.-Sebasti\u00e1n Ubilla:<\/strong> Muy movedizo, pero a\u00fan no mejora la definici\u00f3n. Nota 4.0<\/p>\n<p><strong>8.-Patricio Rubio:<\/strong> Se le ve muy enfocado en su posici\u00f3n de \u201c9\u201d, pero ayer no logr\u00f3 batir al arquero nortino. Nota 5.0<\/p>\n<p><strong>15.-Leonardo Valencia:<\/strong> No cumpli\u00f3 con el objetivo de abrir la cancha por el lado izquierdo. Nota 4.0<\/p>\n<p><strong>Cambios<\/strong><\/p>\n<p>&nbsp;<\/p>\n<p><strong>19.-Gustavo Canales (61\u2019 por Valencia):<\/strong> Los jugadores agarran confianza cuando el M\u00e1gico est\u00e1 en cancha, a\u00fan est\u00e1 falto de f\u00fatbol. Nota 4.0<\/p>\n<p><strong>6.- Sebasti\u00e1n Martinez (88\u2019 por Pereira)<\/strong><\/p>\n<p><strong>28.-Matias Parada (90\u2019 por Ubilla)<\/strong><\/p>\n","protected":false},"excerpt":{"rendered":"<p>Al fin debut\u00f3 oficialmente el \u201cRom\u00e1ntico Viajero\u201d modelo Beccacece, si bien creemos que el equipo a\u00fan est\u00e1 en deuda, tenemos esperanzas en que el otrora ayudante de Don Sampa le va a sacar trote al equipo y lo llevar\u00e1 al lugar que se merece.<\/p>\n","protected":false},"author":21381,"featured_media":8089,"comment_status":"closed","ping_status":"open","sticky":false,"template":"","format":"standard","meta":{"footnotes":""},"categories":[18],"tags":[43,538],"class_list":{"0":"post-8088","1":"post","2":"type-post","3":"status-publish","4":"format-standard","5":"has-post-thumbnail","7":"category-actualidad","8":"tag-marca-personal","9":"tag-torneo-clausura-2015-2016"},"_links":{"self":[{"href":"http:\/\/www.rincondelbulla.cl\/portal\/wp-json\/wp\/v2\/posts\/8088","targetHints":{"allow":["GET"]}}],"collection":[{"href":"http:\/\/www.rincondelbulla.cl\/portal\/wp-json\/wp\/v2\/posts"}],"about":[{"href":"http:\/\/www.rincondelbulla.cl\/portal\/wp-json\/wp\/v2\/types\/post"}],"author":[{"embeddable":true,"href":"http:\/\/www.rincondelbulla.cl\/portal\/wp-json\/wp\/v2\/users\/21381"}],"replies":[{"embeddable":true,"href":"http:\/\/www.rincondelbulla.cl\/portal\/wp-json\/wp\/v2\/comments?post=8088"}],"version-history":[{"count":1,"href":"http:\/\/www.rincondelbulla.cl\/portal\/wp-json\/wp\/v2\/posts\/8088\/revisions"}],"predecessor-version":[{"id":8090,"href":"http:\/\/www.rincondelbulla.cl\/portal\/wp-json\/wp\/v2\/posts\/8088\/revisions\/8090"}],"wp:featuredmedia":[{"embeddable":true,"href":"http:\/\/www.rincondelbulla.cl\/portal\/wp-json\/wp\/v2\/media\/8089"}],"wp:attachment":[{"href":"http:\/\/www.rincondelbulla.cl\/portal\/wp-json\/wp\/v2\/media?parent=8088"}],"wp:term":[{"taxonomy":"category","embeddable":true,"href":"http:\/\/www.rincondelbulla.cl\/portal\/wp-json\/wp\/v2\/categories?post=8088"},{"taxonomy":"post_tag","embeddable":true,"href":"http:\/\/www.rincondelbulla.cl\/portal\/wp-json\/wp\/v2\/tags?post=8088"}],"curies":[{"name":"wp","href":"https:\/\/api.w.org\/{rel}","templated":true}]}}