{"id":8157,"date":"2016-02-02T01:19:25","date_gmt":"2016-02-02T01:19:25","guid":{"rendered":"http:\/\/www.rincondelbulla.cl\/portal\/?p=8157"},"modified":"2016-02-02T01:19:25","modified_gmt":"2016-02-02T01:19:25","slug":"la-u-ya-esta-en-uruguay-para-iniciar-su-sueno-copero","status":"publish","type":"post","link":"http:\/\/www.rincondelbulla.cl\/portal\/2016\/02\/02\/la-u-ya-esta-en-uruguay-para-iniciar-su-sueno-copero\/","title":{"rendered":"La \u201cU\u201d ya est\u00e1 en Uruguay para iniciar su sue\u00f1o copero"},"content":{"rendered":"<figure id=\"attachment_8159\" aria-describedby=\"caption-attachment-8159\" style=\"width: 960px\" class=\"wp-caption alignnone\"><img loading=\"lazy\" decoding=\"async\" class=\"size-full wp-image-8159\" src=\"http:\/\/www.rincondelbulla.cl\/portal\/wp-content\/uploads\/2016\/02\/Plantel_Viaje_2.jpg\" alt=\"El plantel azul, sin Gonzalo Espinoza, ya est\u00e1 en Punta del Este  ala espera de su debut copero este martes. Foto: www.udechile.cl\" width=\"960\" height=\"540\" srcset=\"http:\/\/www.rincondelbulla.cl\/portal\/wp-content\/uploads\/2016\/02\/Plantel_Viaje_2.jpg 960w, http:\/\/www.rincondelbulla.cl\/portal\/wp-content\/uploads\/2016\/02\/Plantel_Viaje_2-300x169.jpg 300w, http:\/\/www.rincondelbulla.cl\/portal\/wp-content\/uploads\/2016\/02\/Plantel_Viaje_2-768x432.jpg 768w, http:\/\/www.rincondelbulla.cl\/portal\/wp-content\/uploads\/2016\/02\/Plantel_Viaje_2-696x392.jpg 696w, http:\/\/www.rincondelbulla.cl\/portal\/wp-content\/uploads\/2016\/02\/Plantel_Viaje_2-747x420.jpg 747w\" sizes=\"auto, (max-width: 960px) 100vw, 960px\" \/><figcaption id=\"caption-attachment-8159\" class=\"wp-caption-text\">El plantel azul, sin Gonzalo Espinoza, ya est\u00e1 en Punta del Este ala espera de su debut copero este martes. Foto: www.udechile.cl<\/figcaption><\/figure>\n<p><strong>En horas de la tarde de este lunes, el plantel azul vol\u00f3 hasta tierras charr\u00faas, donde este martes enfrentar\u00e1 a River Plate por la primera ronda de Copa Bridgestone Libertadores 2016.<\/strong><!--more--><\/p>\n<p>Con la ilusi\u00f3n de poder cumplir el primer objetivo, que es llegar a fase de grupos del torneo continental, viaj\u00f3 Universidad de Chile hasta Uruguay donde enfrentar\u00e1 este martes en la ciudad de Maldonado a River Plate, desde las 21:45 hrs.<\/p>\n<p>El plantel, encabezado por Sebasti\u00e1n Beccacece, tom\u00f3 un vuelo ch\u00e1rter junto a un grupo de hinchas, llegando en horas de esta tarde al hotel de concentraci\u00f3n.<\/p>\n<p>En su llegada a Punta del Este, el DT azul habl\u00f3 con los medios y analiz\u00f3 el debut copero de sus dirigidos. \u00ab<strong>Imaginamos un partido muy disputado, muy interesante por las propuestas de ambos equipos<\/strong><strong>.<\/strong><strong>\u00a0<\/strong><strong>Uno se imagina instalado en campo adversario, pudiendo desarrollar el plan que tenemos para este compromiso y estando mucho m\u00e1s cerca del arco rival que del arco propio\u00bb, <\/strong>dijo Beccacece, reafirmando su hambre ofensiva en cada partido.<\/p>\n<p>Consultado sobre sus expectativas y el palpito personal al debutar en Copa Libertadores como entrenador, el estratega asegur\u00f3 que su ilusi\u00f3n \u00ab<strong>es doblemente que la del hincha, estamos muy entusiasmados, es un compromiso de Copa Libertadores, una competencia internacional<\/strong><strong>.<\/strong><strong>\u00a0<\/strong><strong>Lo importante es lo que puedan llegar a sentir los futbolistas. El hincha se va a sentir bien representado, los futbolistas han mostrado que tienen ganas de hacer las cosas bien\u00bb.<\/strong><\/p>\n<p>La \u201cU\u201d lleg\u00f3 a tierras charr\u00faas con la baja de Gonzalo Espinoza, quien no pudo superar una lesi\u00f3n a la rodilla que arrastra hace algunas semanas. Con este antecedente, la posible formaci\u00f3n azul para saltar al campo de juego ser\u00eda con <strong>Herrera; Rodr\u00edguez, Su\u00e1rez, Jara y Monz\u00f3n; Guzm\u00e1n Pereira, Lorenzetti y Fari\u00f1a; Rubio, Ubilla y Canales<\/strong> en ataque.<\/p>\n","protected":false},"excerpt":{"rendered":"<p>En horas de la tarde de este lunes, el plantel azul vol\u00f3 hasta tierras charr\u00faas, donde este martes enfrentar\u00e1 a River Plate por la primera ronda de Copa Bridgestone Libertadores 2016.<\/p>\n","protected":false},"author":21382,"featured_media":8158,"comment_status":"closed","ping_status":"open","sticky":false,"template":"","format":"standard","meta":{"footnotes":""},"categories":[18],"tags":[454,399,554,128,407,287,553,555,261,531,56,78,248,41,532,65,349,157,556,537,118,156,552],"class_list":{"0":"post-8157","1":"post","2":"type-post","3":"status-publish","4":"format-standard","5":"has-post-thumbnail","7":"category-actualidad","8":"tag-actualidad","9":"tag-azules","10":"tag-copa-bridgestone-libertadores-2016","11":"tag-copa-libertadores","12":"tag-copa-libertadores-2016","13":"tag-cristian-suarez","14":"tag-debut","15":"tag-fabian-monzon","16":"tag-gonzalo-espinoza","17":"tag-gonzalo-jara","18":"tag-gustavo-canales","19":"tag-gustavo-lorenzetti","20":"tag-guzman-pereria","21":"tag-johnny-herrera","22":"tag-luis-farina","23":"tag-matias-rodriguez","24":"tag-patricio-rubio","25":"tag-portada","26":"tag-river-plate-de-uruguay","27":"tag-sebastian-beccacece","28":"tag-sebastian-ubilla","29":"tag-universidad-de-chile","30":"tag-viaje"},"_links":{"self":[{"href":"http:\/\/www.rincondelbulla.cl\/portal\/wp-json\/wp\/v2\/posts\/8157","targetHints":{"allow":["GET"]}}],"collection":[{"href":"http:\/\/www.rincondelbulla.cl\/portal\/wp-json\/wp\/v2\/posts"}],"about":[{"href":"http:\/\/www.rincondelbulla.cl\/portal\/wp-json\/wp\/v2\/types\/post"}],"author":[{"embeddable":true,"href":"http:\/\/www.rincondelbulla.cl\/portal\/wp-json\/wp\/v2\/users\/21382"}],"replies":[{"embeddable":true,"href":"http:\/\/www.rincondelbulla.cl\/portal\/wp-json\/wp\/v2\/comments?post=8157"}],"version-history":[{"count":1,"href":"http:\/\/www.rincondelbulla.cl\/portal\/wp-json\/wp\/v2\/posts\/8157\/revisions"}],"predecessor-version":[{"id":8160,"href":"http:\/\/www.rincondelbulla.cl\/portal\/wp-json\/wp\/v2\/posts\/8157\/revisions\/8160"}],"wp:featuredmedia":[{"embeddable":true,"href":"http:\/\/www.rincondelbulla.cl\/portal\/wp-json\/wp\/v2\/media\/8158"}],"wp:attachment":[{"href":"http:\/\/www.rincondelbulla.cl\/portal\/wp-json\/wp\/v2\/media?parent=8157"}],"wp:term":[{"taxonomy":"category","embeddable":true,"href":"http:\/\/www.rincondelbulla.cl\/portal\/wp-json\/wp\/v2\/categories?post=8157"},{"taxonomy":"post_tag","embeddable":true,"href":"http:\/\/www.rincondelbulla.cl\/portal\/wp-json\/wp\/v2\/tags?post=8157"}],"curies":[{"name":"wp","href":"https:\/\/api.w.org\/{rel}","templated":true}]}}