{"id":8266,"date":"2016-02-15T23:43:29","date_gmt":"2016-02-15T23:43:29","guid":{"rendered":"http:\/\/www.rincondelbulla.cl\/portal\/?p=8266"},"modified":"2016-02-15T23:49:33","modified_gmt":"2016-02-15T23:49:33","slug":"matias-rodriguez-no-miramos-abajo-sino-que-pensamos-en-ser-campeones","status":"publish","type":"post","link":"http:\/\/www.rincondelbulla.cl\/portal\/2016\/02\/15\/matias-rodriguez-no-miramos-abajo-sino-que-pensamos-en-ser-campeones\/","title":{"rendered":"Mat\u00edas Rodr\u00edguez: \u201cNo miramos abajo, sino que pensamos en ser campeones\u00bb"},"content":{"rendered":"<figure id=\"attachment_7933\" aria-describedby=\"caption-attachment-7933\" style=\"width: 960px\" class=\"wp-caption alignnone\"><img loading=\"lazy\" decoding=\"async\" class=\"wp-image-7933 size-full\" src=\"http:\/\/www.rincondelbulla.cl\/portal\/wp-content\/uploads\/2015\/12\/Presentaci\u00f3n-Camiseta-3.jpg\" alt=\"Presentaci\u00f3n Camiseta 3\" width=\"960\" height=\"640\" srcset=\"http:\/\/www.rincondelbulla.cl\/portal\/wp-content\/uploads\/2015\/12\/Presentaci\u00f3n-Camiseta-3.jpg 960w, http:\/\/www.rincondelbulla.cl\/portal\/wp-content\/uploads\/2015\/12\/Presentaci\u00f3n-Camiseta-3-300x200.jpg 300w, http:\/\/www.rincondelbulla.cl\/portal\/wp-content\/uploads\/2015\/12\/Presentaci\u00f3n-Camiseta-3-768x512.jpg 768w, http:\/\/www.rincondelbulla.cl\/portal\/wp-content\/uploads\/2015\/12\/Presentaci\u00f3n-Camiseta-3-696x464.jpg 696w, http:\/\/www.rincondelbulla.cl\/portal\/wp-content\/uploads\/2015\/12\/Presentaci\u00f3n-Camiseta-3-630x420.jpg 630w\" sizes=\"auto, (max-width: 960px) 100vw, 960px\" \/><figcaption id=\"caption-attachment-7933\" class=\"wp-caption-text\">Reconoci\u00f3 que deben ser los m\u00e1s experimentados del plantel los que deben mantener el orden y la motivaci\u00f3n en el camar\u00edn. Es positivo y piensa que la \u00abU\u00bb ser\u00e1 campe\u00f3n.<\/figcaption><\/figure>\n<p><strong>El lateral reconoci\u00f3 que existe una gran autocr\u00edtica al interior del camar\u00edn, pero que la uni\u00f3n no se ha perdido entre ellos. Asumi\u00f3 que la responsabilidad de ganar hoy est\u00e1 m\u00e1s presente.<\/strong><!--more--><\/p>\n<p>Mat\u00edas Rodr\u00edguez enfrent\u00f3 los micr\u00f3fonos en el CDA con la certeza que uno de los puntos a tratar ser\u00eda el estado del camar\u00edn tras los \u00faltimos resultados y las cr\u00edticas que han emanado. Seguro de si mismo, el argentino dijo que<strong> \u00absiempre hay una autocr\u00edtica. Una vez terminado el partido se hizo una cr\u00edtica muy fuerte. Sabemos que no se est\u00e1n dando los resultados que queremos ni el f\u00fatbol tampoco. Sabemos que tenemos que mejorar y para eso, entrenamos muy fuerte. Sabemos que debemos revertir esta situaci\u00f3n, pero con trabajo y dedicaci\u00f3n\u00bb. <\/strong>Agreg\u00f3 que<strong> \u00abnosotros somos conscientes de quienes est\u00e1n rindiendo y quienes, no. Somos grandes, y sabemos lo que tenemos que hacer, o lo que podemos dar. Lo que pas\u00f3, ya fue, y queda trabajar, y convencernos de que la situaci\u00f3n va a mejorar. Esperamos mentalizarnos en ganar\u00bb.<\/strong><\/p>\n<p>Sobre el ambiente al interior del camar\u00edn, tras las \u00faltimas cr\u00edticas, Rodr\u00edguez asegur\u00f3 que este es \u201cbueno\u201d y que son los jugadores m\u00e1s experimentados -como Johnny Herrera, Gonzalo Jara, Gustavo Lorenzetti y \u00e9l mismo- los llamados a mantener la motivaci\u00f3n y la tranquilidad de los menos experimentados. <strong>\u00abEl ambiente del plantel es bueno, pero a la hora de llevar a cabo las cosas, no resultan. Es lamentable, pero debemos levantar cabeza y los m\u00e1s grandes debemos levantarnos y transmitirle a los m\u00e1s j\u00f3venes que a la hora de jugar y entrenar hay que matarse\u00bb, <\/strong>sentenci\u00f3 el argentino.<\/p>\n<p><strong>MEJORAR LO FUTBOL\u00cdSTICO<\/strong><\/p>\n<p>Mat\u00edas Rodr\u00edguez sabe que el presente deportivo azul no es el mejor y que cada d\u00eda que pasa se puede ir complicando. Pese a ello, el lateral hace un an\u00e1lisis positivo sobre el futuro y los resultados a fin de campeonato. <strong>\u00abCuando partimos el torneo, pensamos en salir campe\u00f3n. Por ah\u00ed se nos complic\u00f3, porque no se nos dieron los resultados, pero nosotros tenemos que ganar. Quedan diez fechas y sabemos que debemos ganar la mayor\u00eda de esos puntos. No miramos abajo, sino que pensamos en ser campeones\u00bb,<\/strong> dijo Rodr\u00edguez.<\/p>\n<p>Sobre el trabajo de Sebasti\u00e1n Beccacece y el trabajo que llevan a delante con el fin de mejorar sus presentaciones, el argentino indic\u00f3 que <strong>\u00abSebasti\u00e1n nos transmiti\u00f3 que tenemos mucho la pelota, pero no nos creamos ocasiones, y por un error o algo, nos marcan. Nosotros debemos pensar en levantar cabeza, porque ahora ya no est\u00e1 permitido perder porque desde ac\u00e1 no tenemos margen de error\u00bb. <\/strong>Reconoci\u00f3 adem\u00e1s que la falta de gol es una de las principales causas del presente del equipo.<strong> \u00abAntes del gol de Palestino, tuvimos opciones claras, pero se nos achic\u00f3 el arco. Ya no sacamos nada con pensar en eso, solo nos queda pensar en positivo y sacar adelante esto\u00bb,<\/strong> finaliz\u00f3 Rodr\u00edguez.<\/p>\n<p>&nbsp;<\/p>\n","protected":false},"excerpt":{"rendered":"<p>El lateral reconoci\u00f3 que existe una gran autocr\u00edtica al interior del camar\u00edn, pero que la uni\u00f3n no se ha perdido entre ellos. Asumi\u00f3 que la responsabilidad de ganar hoy est\u00e1 m\u00e1s presente.<\/p>\n","protected":false},"author":21382,"featured_media":7406,"comment_status":"closed","ping_status":"open","sticky":false,"template":"","format":"standard","meta":{"footnotes":""},"categories":[18],"tags":[454,531,78,41,65,457,157,537,538,156],"class_list":{"0":"post-8266","1":"post","2":"type-post","3":"status-publish","4":"format-standard","5":"has-post-thumbnail","7":"category-actualidad","8":"tag-actualidad","9":"tag-gonzalo-jara","10":"tag-gustavo-lorenzetti","11":"tag-johnny-herrera","12":"tag-matias-rodriguez","13":"tag-palestino","14":"tag-portada","15":"tag-sebastian-beccacece","16":"tag-torneo-clausura-2015-2016","17":"tag-universidad-de-chile"},"_links":{"self":[{"href":"http:\/\/www.rincondelbulla.cl\/portal\/wp-json\/wp\/v2\/posts\/8266","targetHints":{"allow":["GET"]}}],"collection":[{"href":"http:\/\/www.rincondelbulla.cl\/portal\/wp-json\/wp\/v2\/posts"}],"about":[{"href":"http:\/\/www.rincondelbulla.cl\/portal\/wp-json\/wp\/v2\/types\/post"}],"author":[{"embeddable":true,"href":"http:\/\/www.rincondelbulla.cl\/portal\/wp-json\/wp\/v2\/users\/21382"}],"replies":[{"embeddable":true,"href":"http:\/\/www.rincondelbulla.cl\/portal\/wp-json\/wp\/v2\/comments?post=8266"}],"version-history":[{"count":3,"href":"http:\/\/www.rincondelbulla.cl\/portal\/wp-json\/wp\/v2\/posts\/8266\/revisions"}],"predecessor-version":[{"id":8270,"href":"http:\/\/www.rincondelbulla.cl\/portal\/wp-json\/wp\/v2\/posts\/8266\/revisions\/8270"}],"wp:featuredmedia":[{"embeddable":true,"href":"http:\/\/www.rincondelbulla.cl\/portal\/wp-json\/wp\/v2\/media\/7406"}],"wp:attachment":[{"href":"http:\/\/www.rincondelbulla.cl\/portal\/wp-json\/wp\/v2\/media?parent=8266"}],"wp:term":[{"taxonomy":"category","embeddable":true,"href":"http:\/\/www.rincondelbulla.cl\/portal\/wp-json\/wp\/v2\/categories?post=8266"},{"taxonomy":"post_tag","embeddable":true,"href":"http:\/\/www.rincondelbulla.cl\/portal\/wp-json\/wp\/v2\/tags?post=8266"}],"curies":[{"name":"wp","href":"https:\/\/api.w.org\/{rel}","templated":true}]}}