{"id":8286,"date":"2016-02-16T19:39:01","date_gmt":"2016-02-16T19:39:01","guid":{"rendered":"http:\/\/www.rincondelbulla.cl\/portal\/?p=8286"},"modified":"2016-02-27T01:08:36","modified_gmt":"2016-02-27T01:08:36","slug":"gonzalo-jara-entrenamos-en-forma-especatacular-pero-en-la-cancha-no-se-ve-lo-mismo","status":"publish","type":"post","link":"http:\/\/www.rincondelbulla.cl\/portal\/2016\/02\/16\/gonzalo-jara-entrenamos-en-forma-especatacular-pero-en-la-cancha-no-se-ve-lo-mismo\/","title":{"rendered":"Gonzalo Jara: \u00abEntrenamos en Forma Especatacular, pero en la Cancha no se ve lo mismo\u00bb"},"content":{"rendered":"<p><img loading=\"lazy\" decoding=\"async\" class=\"alignnone size-full wp-image-8116\" src=\"http:\/\/www.rincondelbulla.cl\/portal\/wp-content\/uploads\/2016\/01\/Gonzalo-Jara.jpg\" alt=\"Gonzalo Jara\" width=\"960\" height=\"640\" srcset=\"http:\/\/www.rincondelbulla.cl\/portal\/wp-content\/uploads\/2016\/01\/Gonzalo-Jara.jpg 960w, http:\/\/www.rincondelbulla.cl\/portal\/wp-content\/uploads\/2016\/01\/Gonzalo-Jara-300x200.jpg 300w, http:\/\/www.rincondelbulla.cl\/portal\/wp-content\/uploads\/2016\/01\/Gonzalo-Jara-768x512.jpg 768w, http:\/\/www.rincondelbulla.cl\/portal\/wp-content\/uploads\/2016\/01\/Gonzalo-Jara-696x464.jpg 696w, http:\/\/www.rincondelbulla.cl\/portal\/wp-content\/uploads\/2016\/01\/Gonzalo-Jara-630x420.jpg 630w\" sizes=\"auto, (max-width: 960px) 100vw, 960px\" \/><br \/>\n<strong>Despu\u00e9s de los malos resultados Gonzalo Jara habl\u00f3 con la prensa, y lo hizo con la misma calma que tiene en la cancha, \u201c La forma que entrenamos es espectacular y damos el 100 por ciento siempre, pero en los partidos no encontramos las respuestas.\u201d Afirmo Tranquilo.<\/strong><!--more--><\/p>\n<p><strong>El Alta Medica-<\/strong>  \u00abTengo el alta m\u00e9dica desde hoy. Ayer hice trabajos f\u00edsicos y hoy trabajo normal con el equipo. Espero llegar al s\u00e1bado de buena manera\u00bb<\/p>\n<p><strong>El Presente Azul-<\/strong> \u00abLos resultados te llevan de la mano. Hemos jugado bien a ratos y tratamos de hacerlo el mayor tiempo posible. Lo que nos falta es marcar el gol, siempre tenemos la pelota y nos creamos ocasiones. El equipo ha ido mejorando cada vez m\u00e1s. Casi siempre nos ha tocado ir abajo en el marcador y eso no es lo mejor. Hay que tratar de abrir la cuenta y concretar las ocasiones de gol\u00bb<\/p>\n<p><strong>Beccacece &#8211;<\/strong> \u00abYo no creo que est\u00e9 enojado, lo conozco bien. S\u00e9 cu\u00e1l es su entendimiento futbol\u00edstico. Al profe lo veo con la persondalidad que siempre ha tenido y eso no ha cambiado en nada. A pesar de los resultados ha seguido trabajando de la misma forma\u00bb<\/p>\n<p><strong>\u00bfEst\u00e1 nublado entonces?<\/strong> \u00abNo lo veo nublado. Se puede cambiar de esquema y jugadores en cada partido para buscar soluciones. A veces tambi\u00e9n depende de c\u00f3mo juega el rival. No es porque no sepamos qu\u00e9 hacer. es algo t\u00e1ctico\u00bb<\/p>\n<p><strong>Se habla de una Crisis y de Disputas al interior del Camarin-<\/strong> \u00abNo estamos en crisis. Veo muchos partidos del f\u00fatbol chileno y tampoco se juega muy bien. No lo vemos como una crisis, pero necesitamos un triunfo, Y lo de las disputas son inventos, todos hablan de discusiones y disputas pero nadie dice un hecho concreto\u201d.<\/p>\n","protected":false},"excerpt":{"rendered":"<p>Despu\u00e9s de los malos resultados Gonzalo Jara habl\u00f3 con la prensa, y lo hizo con la misma calma que tiene en la cancha, \u201c La forma que entrenamos es espectacular y damos el 100 por ciento siempre, pero en los partidos no encontramos las respuestas.\u201d Afirmo Tranquilo.<\/p>\n","protected":false},"author":21381,"featured_media":8116,"comment_status":"closed","ping_status":"open","sticky":false,"template":"","format":"standard","meta":{"footnotes":""},"categories":[18],"tags":[454,209,531,157],"class_list":{"0":"post-8286","1":"post","2":"type-post","3":"status-publish","4":"format-standard","5":"has-post-thumbnail","7":"category-actualidad","8":"tag-actualidad","9":"tag-conferencia-de-prensa","10":"tag-gonzalo-jara","11":"tag-portada"},"_links":{"self":[{"href":"http:\/\/www.rincondelbulla.cl\/portal\/wp-json\/wp\/v2\/posts\/8286","targetHints":{"allow":["GET"]}}],"collection":[{"href":"http:\/\/www.rincondelbulla.cl\/portal\/wp-json\/wp\/v2\/posts"}],"about":[{"href":"http:\/\/www.rincondelbulla.cl\/portal\/wp-json\/wp\/v2\/types\/post"}],"author":[{"embeddable":true,"href":"http:\/\/www.rincondelbulla.cl\/portal\/wp-json\/wp\/v2\/users\/21381"}],"replies":[{"embeddable":true,"href":"http:\/\/www.rincondelbulla.cl\/portal\/wp-json\/wp\/v2\/comments?post=8286"}],"version-history":[{"count":2,"href":"http:\/\/www.rincondelbulla.cl\/portal\/wp-json\/wp\/v2\/posts\/8286\/revisions"}],"predecessor-version":[{"id":8288,"href":"http:\/\/www.rincondelbulla.cl\/portal\/wp-json\/wp\/v2\/posts\/8286\/revisions\/8288"}],"wp:featuredmedia":[{"embeddable":true,"href":"http:\/\/www.rincondelbulla.cl\/portal\/wp-json\/wp\/v2\/media\/8116"}],"wp:attachment":[{"href":"http:\/\/www.rincondelbulla.cl\/portal\/wp-json\/wp\/v2\/media?parent=8286"}],"wp:term":[{"taxonomy":"category","embeddable":true,"href":"http:\/\/www.rincondelbulla.cl\/portal\/wp-json\/wp\/v2\/categories?post=8286"},{"taxonomy":"post_tag","embeddable":true,"href":"http:\/\/www.rincondelbulla.cl\/portal\/wp-json\/wp\/v2\/tags?post=8286"}],"curies":[{"name":"wp","href":"https:\/\/api.w.org\/{rel}","templated":true}]}}