{"id":8293,"date":"2016-02-17T16:37:24","date_gmt":"2016-02-17T16:37:24","guid":{"rendered":"http:\/\/www.rincondelbulla.cl\/portal\/?p=8293"},"modified":"2016-02-27T01:08:15","modified_gmt":"2016-02-27T01:08:15","slug":"patricio-rubio-la-prensa-habla-cosas-que-no-son","status":"publish","type":"post","link":"http:\/\/www.rincondelbulla.cl\/portal\/2016\/02\/17\/patricio-rubio-la-prensa-habla-cosas-que-no-son\/","title":{"rendered":"Patricio Rubio \u00abLa prensa habla cosas que no son\u00bb"},"content":{"rendered":"<p><img loading=\"lazy\" decoding=\"async\" class=\"alignnone size-full wp-image-6306\" src=\"http:\/\/www.rincondelbulla.cl\/portal\/wp-content\/uploads\/2014\/12\/patricio_rubio3.jpg\" alt=\"patricio_rubio3\" width=\"1100\" height=\"700\" srcset=\"http:\/\/www.rincondelbulla.cl\/portal\/wp-content\/uploads\/2014\/12\/patricio_rubio3.jpg 1100w, http:\/\/www.rincondelbulla.cl\/portal\/wp-content\/uploads\/2014\/12\/patricio_rubio3-300x191.jpg 300w, http:\/\/www.rincondelbulla.cl\/portal\/wp-content\/uploads\/2014\/12\/patricio_rubio3-768x489.jpg 768w, http:\/\/www.rincondelbulla.cl\/portal\/wp-content\/uploads\/2014\/12\/patricio_rubio3-696x443.jpg 696w, http:\/\/www.rincondelbulla.cl\/portal\/wp-content\/uploads\/2014\/12\/patricio_rubio3-1068x680.jpg 1068w, http:\/\/www.rincondelbulla.cl\/portal\/wp-content\/uploads\/2014\/12\/patricio_rubio3-660x420.jpg 660w\" sizes=\"auto, (max-width: 1100px) 100vw, 1100px\" \/><br \/>\n<strong>Patricio Rubio hablo claro en el CDA y desminti\u00f3 los trascendidos de prensa donde se habla de un camar\u00edn quebrado o jugadores cortados. \u201cEn el Camarin estamos bien, la prensa habla cosas que no se de donde salen\u201d.<\/strong><!--more--><\/p>\n<p><strong>Enojo de los suplentes- <\/strong>\u00abSon cosas normales que uno se enoje porque no juegue, de vez en cuando. Todos quieren jugar\u00bb pero \u00ablos veo a todos con ganas de jugar, de participar. Los que no juegan tienen que seguir luchando\u00bb<\/p>\n<p><strong>La Falta de Gol-<\/strong> \u00abEstamos fallando la definici\u00f3n y tenemos que preocuparnos de eso. Nos ha faltado el gol. Si jugamos como entrenamos, deber\u00edamos ganar a Audax Italiano. Hay que estar m\u00e1s finos arriba, y as\u00ed se van a ir dando los resultados\u00bb<\/p>\n<p><strong>El campeonato-<\/strong> \u00abEstamos lejos, pero seguiremos luchando hasta que tengamos posibilidades. Sabemos que no estamos jugando bien, hemos regalado varios puntos ante equipos factibles de ganar y eso sirve para darnos cuenta en qu\u00e9 estamos fallando\u00bb.<\/p>\n<p><strong>Audax Italiano-<\/strong> \u00abnos ganaron en un amistoso ac\u00e1, es un rival de cuidado. Hay que tratar de hacer nuestro juego y mejorar en la definici\u00f3n, no estamos haciendo muchos goles\u00bb<\/p>\n","protected":false},"excerpt":{"rendered":"<p>Patricio Rubio hablo claro en el CDA y desminti\u00f3 los trascendidos de prensa donde se habla de un camar\u00edn quebrado o jugadores cortados. \u201cEn el Camarin estamos bien, la prensa habla cosas que no se de donde salen\u201d.<\/p>\n","protected":false},"author":21381,"featured_media":6306,"comment_status":"closed","ping_status":"open","sticky":false,"template":"","format":"standard","meta":{"footnotes":""},"categories":[18],"tags":[454,209,349,157],"class_list":{"0":"post-8293","1":"post","2":"type-post","3":"status-publish","4":"format-standard","5":"has-post-thumbnail","7":"category-actualidad","8":"tag-actualidad","9":"tag-conferencia-de-prensa","10":"tag-patricio-rubio","11":"tag-portada"},"_links":{"self":[{"href":"http:\/\/www.rincondelbulla.cl\/portal\/wp-json\/wp\/v2\/posts\/8293","targetHints":{"allow":["GET"]}}],"collection":[{"href":"http:\/\/www.rincondelbulla.cl\/portal\/wp-json\/wp\/v2\/posts"}],"about":[{"href":"http:\/\/www.rincondelbulla.cl\/portal\/wp-json\/wp\/v2\/types\/post"}],"author":[{"embeddable":true,"href":"http:\/\/www.rincondelbulla.cl\/portal\/wp-json\/wp\/v2\/users\/21381"}],"replies":[{"embeddable":true,"href":"http:\/\/www.rincondelbulla.cl\/portal\/wp-json\/wp\/v2\/comments?post=8293"}],"version-history":[{"count":2,"href":"http:\/\/www.rincondelbulla.cl\/portal\/wp-json\/wp\/v2\/posts\/8293\/revisions"}],"predecessor-version":[{"id":8295,"href":"http:\/\/www.rincondelbulla.cl\/portal\/wp-json\/wp\/v2\/posts\/8293\/revisions\/8295"}],"wp:featuredmedia":[{"embeddable":true,"href":"http:\/\/www.rincondelbulla.cl\/portal\/wp-json\/wp\/v2\/media\/6306"}],"wp:attachment":[{"href":"http:\/\/www.rincondelbulla.cl\/portal\/wp-json\/wp\/v2\/media?parent=8293"}],"wp:term":[{"taxonomy":"category","embeddable":true,"href":"http:\/\/www.rincondelbulla.cl\/portal\/wp-json\/wp\/v2\/categories?post=8293"},{"taxonomy":"post_tag","embeddable":true,"href":"http:\/\/www.rincondelbulla.cl\/portal\/wp-json\/wp\/v2\/tags?post=8293"}],"curies":[{"name":"wp","href":"https:\/\/api.w.org\/{rel}","templated":true}]}}