{"id":8305,"date":"2016-02-19T15:37:17","date_gmt":"2016-02-19T15:37:17","guid":{"rendered":"http:\/\/www.rincondelbulla.cl\/portal\/?p=8305"},"modified":"2016-02-19T15:38:13","modified_gmt":"2016-02-19T15:38:13","slug":"sebastian-beccacece-estoy-preparado-para-afrontar-lo-que-viene","status":"publish","type":"post","link":"http:\/\/www.rincondelbulla.cl\/portal\/2016\/02\/19\/sebastian-beccacece-estoy-preparado-para-afrontar-lo-que-viene\/","title":{"rendered":"Sebasti\u00e1n Beccacece: \u00abEstoy preparado para afrontar lo que viene\u00bb"},"content":{"rendered":"<figure id=\"attachment_8222\" aria-describedby=\"caption-attachment-8222\" style=\"width: 1200px\" class=\"wp-caption alignnone\"><img loading=\"lazy\" decoding=\"async\" class=\"size-full wp-image-8222\" src=\"http:\/\/www.rincondelbulla.cl\/portal\/wp-content\/uploads\/2016\/02\/12657253_10207523517659576_7165578296988372434_o.jpg\" alt=\"El entrenador argentino coment\u00f3 c\u00f3mo se vivi\u00f3 esta semana complicada para el plantel y de qu\u00e9 manera prepara el encuentro frente a Audax Italiano este s\u00e1bado.\" width=\"1200\" height=\"800\" srcset=\"http:\/\/www.rincondelbulla.cl\/portal\/wp-content\/uploads\/2016\/02\/12657253_10207523517659576_7165578296988372434_o.jpg 1200w, http:\/\/www.rincondelbulla.cl\/portal\/wp-content\/uploads\/2016\/02\/12657253_10207523517659576_7165578296988372434_o-300x200.jpg 300w, http:\/\/www.rincondelbulla.cl\/portal\/wp-content\/uploads\/2016\/02\/12657253_10207523517659576_7165578296988372434_o-768x512.jpg 768w, http:\/\/www.rincondelbulla.cl\/portal\/wp-content\/uploads\/2016\/02\/12657253_10207523517659576_7165578296988372434_o-696x464.jpg 696w, http:\/\/www.rincondelbulla.cl\/portal\/wp-content\/uploads\/2016\/02\/12657253_10207523517659576_7165578296988372434_o-1068x712.jpg 1068w, http:\/\/www.rincondelbulla.cl\/portal\/wp-content\/uploads\/2016\/02\/12657253_10207523517659576_7165578296988372434_o-630x420.jpg 630w\" sizes=\"auto, (max-width: 1200px) 100vw, 1200px\" \/><figcaption id=\"caption-attachment-8222\" class=\"wp-caption-text\">El entrenador argentino coment\u00f3 c\u00f3mo se vivi\u00f3 esta semana complicada para el plantel y de qu\u00e9 manera prepara el encuentro frente a Audax Italiano este s\u00e1bado.<\/figcaption><\/figure>\n<p><strong>Tras una complicada semana, por las filtraciones desde el interior del plantel y escaso nivel de juego mostrado por el equipo, Sebasti\u00e1n Beccacece habl\u00f3 ante los medios y se refiri\u00f3 a todo lo acontecido estos d\u00edas.<\/strong><!--more--><\/p>\n<p>Sobre la urgencia de la \u201cU\u201d por comenzar a retomar la senda del triunfo, para subir el nivel de juego y el lugar en la tabla, Beccacece asegur\u00f3 que <strong>\u201ctenemos la necesidad y el deseo necesario para realizar un cambio con respecto a algunos partidos anteriores. Para ello hemos trabajado con muchas ganas, hemos tenido una respuesta incre\u00edble. He encontrado mucha disposici\u00f3n, mucho deseo de salir r\u00e1pidamente de este momento que nos toca transitar de manera adversa. Este s\u00e1bado tenemos una oportunidad linda para dar vuelta r\u00e1pidamente esta historia y reencontrarnos con lo que somos: un grupo muy esforzado y generoso que quiere sacar esto adelante. Estoy confiado que as\u00ed ser\u00e1.<\/strong><\/p>\n<p>Sobre los cuestionamientos a su gesti\u00f3n en la banca azul, por los magros resultados cosechados en las \u00faltimas semanas, el trasandino indic\u00f3 que <strong>\u00absi las cosas no salen y uno est\u00e1 en un club tan grande, es normal que pasen estas cosas. Los tomo como un desaf\u00edo. Estoy preparado para afrontar lo que viene\u00bb<\/strong>. Sebasti\u00e1n Bccacece reconoci\u00f3 que se trabaja para recuperar el nivel de ataque ideal, que permita remontar el actual escenario.<\/p>\n<figure id=\"attachment_8306\" aria-describedby=\"caption-attachment-8306\" style=\"width: 960px\" class=\"wp-caption alignnone\"><img loading=\"lazy\" decoding=\"async\" class=\"size-full wp-image-8306\" src=\"http:\/\/www.rincondelbulla.cl\/portal\/wp-content\/uploads\/2016\/02\/Beccacece_Conferencia.jpg\" alt=\"En su charla con la prensa, Sebasti\u00e1n Baccacece manifest\u00f3 su confianza que el equipo conseguir\u00e1 un repunte a contar de este partido con Audax Italiano.\" width=\"960\" height=\"720\" srcset=\"http:\/\/www.rincondelbulla.cl\/portal\/wp-content\/uploads\/2016\/02\/Beccacece_Conferencia.jpg 960w, http:\/\/www.rincondelbulla.cl\/portal\/wp-content\/uploads\/2016\/02\/Beccacece_Conferencia-300x225.jpg 300w, http:\/\/www.rincondelbulla.cl\/portal\/wp-content\/uploads\/2016\/02\/Beccacece_Conferencia-768x576.jpg 768w, http:\/\/www.rincondelbulla.cl\/portal\/wp-content\/uploads\/2016\/02\/Beccacece_Conferencia-80x60.jpg 80w, http:\/\/www.rincondelbulla.cl\/portal\/wp-content\/uploads\/2016\/02\/Beccacece_Conferencia-265x198.jpg 265w, http:\/\/www.rincondelbulla.cl\/portal\/wp-content\/uploads\/2016\/02\/Beccacece_Conferencia-696x522.jpg 696w, http:\/\/www.rincondelbulla.cl\/portal\/wp-content\/uploads\/2016\/02\/Beccacece_Conferencia-560x420.jpg 560w\" sizes=\"auto, (max-width: 960px) 100vw, 960px\" \/><figcaption id=\"caption-attachment-8306\" class=\"wp-caption-text\">En su charla con la prensa, Sebasti\u00e1n Baccacece manifest\u00f3 su confianza que el equipo conseguir\u00e1 un repunte a contar de este partido con Audax Italiano.<\/figcaption><\/figure>\n<p>Con respecto a Audax Italiano, rival de este s\u00e1bado en el Estadio Nacional, el adiestrador los defini\u00f3 como <strong>\u201ces un rival que hace tiempo que viene jugando juntos, que tiene de manera individual jugadores interesante. Hemos trabajado y estudiado cada uno de sus detalles\u201d<\/strong>. Consultado sobre la presencia de Gonzalo Jara y Gustavo Canales, asegur\u00f3 que ambos se encuentran en proceso de una puesta a punto \u00f3ptima y que ser\u00e1n alternativa para este partido, con el zaguero de ingresar como titular.<\/p>\n<p>Sobre las publicaciones aparecidas esta semana en diarios de circulaci\u00f3n nacional, Beccacece dijo que solo se trata de rumores y que no existen tales situaciones en el plante. Emplaz\u00f3 a la prensa a decir \u201cqui\u00e9nes son\u201d las personas que entregar\u00edan estas informaciones falsas. El DT asegur\u00f3 que es imposible salir todos los d\u00edas a desmentir palabras, a su juicio, \u201cmal intencionadas\u201d. Neg\u00f3 la disputa con Leonardo Valencia y los retrasos de Gustavo Canales.<\/p>\n","protected":false},"excerpt":{"rendered":"<p>Tras una complicada semana, por las filtraciones desde el interior del plantel y escaso nivel de juego mostrado por el equipo, Sebasti\u00e1n Beccacece habl\u00f3 ante los medios y se refiri\u00f3 a todo lo acontecido estos d\u00edas.<\/p>\n","protected":false},"author":21382,"featured_media":8217,"comment_status":"closed","ping_status":"open","sticky":false,"template":"","format":"standard","meta":{"footnotes":""},"categories":[18],"tags":[454,475,424,56,78,41,415,257,65,349,157,537,538,156],"class_list":{"0":"post-8305","1":"post","2":"type-post","3":"status-publish","4":"format-standard","5":"has-post-thumbnail","7":"category-actualidad","8":"tag-actualidad","9":"tag-audax-italiano","10":"tag-estadio-nacional","11":"tag-gustavo-canales","12":"tag-gustavo-lorenzetti","13":"tag-johnny-herrera","14":"tag-leonardo-valencia","15":"tag-mathias-corujo","16":"tag-matias-rodriguez","17":"tag-patricio-rubio","18":"tag-portada","19":"tag-sebastian-beccacece","20":"tag-torneo-clausura-2015-2016","21":"tag-universidad-de-chile"},"_links":{"self":[{"href":"http:\/\/www.rincondelbulla.cl\/portal\/wp-json\/wp\/v2\/posts\/8305","targetHints":{"allow":["GET"]}}],"collection":[{"href":"http:\/\/www.rincondelbulla.cl\/portal\/wp-json\/wp\/v2\/posts"}],"about":[{"href":"http:\/\/www.rincondelbulla.cl\/portal\/wp-json\/wp\/v2\/types\/post"}],"author":[{"embeddable":true,"href":"http:\/\/www.rincondelbulla.cl\/portal\/wp-json\/wp\/v2\/users\/21382"}],"replies":[{"embeddable":true,"href":"http:\/\/www.rincondelbulla.cl\/portal\/wp-json\/wp\/v2\/comments?post=8305"}],"version-history":[{"count":1,"href":"http:\/\/www.rincondelbulla.cl\/portal\/wp-json\/wp\/v2\/posts\/8305\/revisions"}],"predecessor-version":[{"id":8307,"href":"http:\/\/www.rincondelbulla.cl\/portal\/wp-json\/wp\/v2\/posts\/8305\/revisions\/8307"}],"wp:featuredmedia":[{"embeddable":true,"href":"http:\/\/www.rincondelbulla.cl\/portal\/wp-json\/wp\/v2\/media\/8217"}],"wp:attachment":[{"href":"http:\/\/www.rincondelbulla.cl\/portal\/wp-json\/wp\/v2\/media?parent=8305"}],"wp:term":[{"taxonomy":"category","embeddable":true,"href":"http:\/\/www.rincondelbulla.cl\/portal\/wp-json\/wp\/v2\/categories?post=8305"},{"taxonomy":"post_tag","embeddable":true,"href":"http:\/\/www.rincondelbulla.cl\/portal\/wp-json\/wp\/v2\/tags?post=8305"}],"curies":[{"name":"wp","href":"https:\/\/api.w.org\/{rel}","templated":true}]}}