{"id":8482,"date":"2016-02-29T13:59:26","date_gmt":"2016-02-29T13:59:26","guid":{"rendered":"http:\/\/www.rincondelbulla.cl\/portal\/?p=8482"},"modified":"2016-02-29T14:07:09","modified_gmt":"2016-02-29T14:07:09","slug":"la-u-ya-piensa-en-union-y-en-sumar-otro-triunfo","status":"publish","type":"post","link":"http:\/\/www.rincondelbulla.cl\/portal\/2016\/02\/29\/la-u-ya-piensa-en-union-y-en-sumar-otro-triunfo\/","title":{"rendered":"La &#8216;U&#8217; ya piensa en Uni\u00f3n y en sumar otro triunfo"},"content":{"rendered":"<figure id=\"attachment_8480\" aria-describedby=\"caption-attachment-8480\" style=\"width: 1100px\" class=\"wp-caption aligncenter\"><img loading=\"lazy\" decoding=\"async\" class=\"size-full wp-image-8480\" src=\"http:\/\/www.rincondelbulla.cl\/portal\/wp-content\/uploads\/2016\/02\/ubillaphotosport.jpg\" alt=\"Sebasti\u00e1n Ubilla - Foto: Photosport\" width=\"1100\" height=\"733\" srcset=\"http:\/\/www.rincondelbulla.cl\/portal\/wp-content\/uploads\/2016\/02\/ubillaphotosport.jpg 1100w, http:\/\/www.rincondelbulla.cl\/portal\/wp-content\/uploads\/2016\/02\/ubillaphotosport-300x200.jpg 300w, http:\/\/www.rincondelbulla.cl\/portal\/wp-content\/uploads\/2016\/02\/ubillaphotosport-768x512.jpg 768w, http:\/\/www.rincondelbulla.cl\/portal\/wp-content\/uploads\/2016\/02\/ubillaphotosport-696x464.jpg 696w, http:\/\/www.rincondelbulla.cl\/portal\/wp-content\/uploads\/2016\/02\/ubillaphotosport-1068x712.jpg 1068w, http:\/\/www.rincondelbulla.cl\/portal\/wp-content\/uploads\/2016\/02\/ubillaphotosport-630x420.jpg 630w\" sizes=\"auto, (max-width: 1100px) 100vw, 1100px\" \/><figcaption id=\"caption-attachment-8480\" class=\"wp-caption-text\">Sebasti\u00e1n Ubilla &#8211; Foto: Photosport<\/figcaption><\/figure>\n<p class=\"p1\"><strong><span class=\"s1\">Este domingo la U cosech\u00f3 su segundo triunfo en el clausura 2015-2016, luego de golear por cuatro tantos a uno a Cobresal, en la tercera regi\u00f3n del pa\u00eds. Para seguir por la misma senda del triunfo, el equipo comandado por Beccacece ya comienza a fijar la vista en su pr\u00f3ximo oponente, Uni\u00f3n Espa\u00f1ola.<\/span><\/strong><!--more--><\/p>\n<p class=\"p1\"><span class=\"s1\">Con casi la mitad del campeonato jugado, y con el revitalizador triunfo adquirido en la altura de el Salvador, sumado a las irregularidades de varios equipos en esta fecha, <strong>permitieron que la U trepara posiciones tanto en la tabla del clausura, como en la acumulada, situaci\u00f3n que la prensa miraba con ojo punzante<\/strong>. <\/span><\/p>\n<p class=\"p1\"><span class=\"s1\">La victoria goleadora del equipo, permiti\u00f3 descomprimir la presi\u00f3n del no poder ganar, ya que el \u00faltimo triunfo hab\u00eda sido reci\u00e9n en la segunda fecha. <\/span><\/p>\n<p class=\"p1\"><span class=\"s1\">Con un ambiente m\u00e1s positivo, el equipo -que va tomando forma de a poco- pretende ir corrigiendo errores de cara al vital cruce con los rojos de independencia, partido que corresponde a la octava fecha del campeonato.<\/span><\/p>\n<p class=\"p1\"><span class=\"s1\">La preparaci\u00f3n del lance contra los de plaza Chacabuco comienza este martes, luego de que el equipo regrese desde la regi\u00f3n de Atacama. Se espera una semana intensa de entrenamientos en el CDA, en la antesala del encuentro pactado por la ANFP, para el <b>s\u00e1bado 5 de marzo a las 17:00 horas, en el estadio Santa Laura-U.Sek. <\/b><\/span><\/p>\n<p class=\"p1\"><strong><span class=\"s1\">La fecha octava fecha se desarrollara de la siguiente manera:<\/span><\/strong><\/p>\n<p class=\"p1\"><span class=\"s1\">Viernes 4\/03<span class=\"Apple-converted-space\">\u00a0 <\/span>19:30 <span class=\"Apple-converted-space\">\u00a0 <\/span>Antofagasta v\/s U. La Calera<\/span><\/p>\n<p class=\"p1\"><span class=\"s1\">Viernes 4\/03 <span class=\"Apple-converted-space\">\u00a0 <\/span>22:00<span class=\"Apple-converted-space\">\u00a0 <\/span>San Luis<span class=\"Apple-converted-space\">\u00a0 <\/span>v\/s U. de Concepci\u00f3n<\/span><\/p>\n<p class=\"p1\"><span class=\"s1\">S\u00e1bado 5\/03<span class=\"Apple-converted-space\">\u00a0 <\/span>19:30 <span class=\"Apple-converted-space\">\u00a0 <\/span>Huachipato v\/s Sn. Marcos de Arica<\/span><\/p>\n<p class=\"p1\"><span class=\"s1\">S\u00e1bado 5\/03<span class=\"Apple-converted-space\">\u00a0 <\/span>22:00 <span class=\"Apple-converted-space\">\u00a0 <\/span>S. Wanderers v\/s Cobresal<\/span><\/p>\n<p class=\"p1\"><span class=\"s1\">Domingo 6\/03 17:00<span class=\"Apple-converted-space\">\u00a0 <\/span>Colo-colo v\/s U. Cat\u00f3lica<\/span><\/p>\n<p class=\"p1\"><span class=\"s1\">Domingo 6\/03 19:15<span class=\"Apple-converted-space\">\u00a0 <\/span>Iquique v\/s Audax Italiano<\/span><\/p>\n<p class=\"p1\"><span class=\"s1\">Lunes 7\/03 <span class=\"Apple-converted-space\">\u00a0 \u00a0 <\/span>19:30 <span class=\"Apple-converted-space\">\u00a0 <\/span>O\u2019higgins v\/s Palestino<\/span><\/p>\n","protected":false},"excerpt":{"rendered":"<p>Este domingo la U cosech\u00f3 su segundo triunfo en el clausura 2015-2016, luego de golear por cuatro tantos a uno a Cobresal, en la tercera regi\u00f3n del pa\u00eds. Para seguir por la misma senda del triunfo, el equipo comandado por Beccacece ya comienza a fijar la vista en su pr\u00f3ximo oponente, Uni\u00f3n Espa\u00f1ola.<\/p>\n","protected":false},"author":21386,"featured_media":8480,"comment_status":"closed","ping_status":"open","sticky":false,"template":"","format":"standard","meta":{"footnotes":""},"categories":[18],"tags":[454,513,102,157,59,228,294],"class_list":{"0":"post-8482","1":"post","2":"type-post","3":"status-publish","4":"format-standard","5":"has-post-thumbnail","7":"category-actualidad","8":"tag-actualidad","9":"tag-clausura-2015-2016","10":"tag-los-de-abajo","11":"tag-portada","12":"tag-programacion","13":"tag-rincon-del-bulla","14":"tag-u-de-chile"},"_links":{"self":[{"href":"http:\/\/www.rincondelbulla.cl\/portal\/wp-json\/wp\/v2\/posts\/8482","targetHints":{"allow":["GET"]}}],"collection":[{"href":"http:\/\/www.rincondelbulla.cl\/portal\/wp-json\/wp\/v2\/posts"}],"about":[{"href":"http:\/\/www.rincondelbulla.cl\/portal\/wp-json\/wp\/v2\/types\/post"}],"author":[{"embeddable":true,"href":"http:\/\/www.rincondelbulla.cl\/portal\/wp-json\/wp\/v2\/users\/21386"}],"replies":[{"embeddable":true,"href":"http:\/\/www.rincondelbulla.cl\/portal\/wp-json\/wp\/v2\/comments?post=8482"}],"version-history":[{"count":4,"href":"http:\/\/www.rincondelbulla.cl\/portal\/wp-json\/wp\/v2\/posts\/8482\/revisions"}],"predecessor-version":[{"id":8486,"href":"http:\/\/www.rincondelbulla.cl\/portal\/wp-json\/wp\/v2\/posts\/8482\/revisions\/8486"}],"wp:featuredmedia":[{"embeddable":true,"href":"http:\/\/www.rincondelbulla.cl\/portal\/wp-json\/wp\/v2\/media\/8480"}],"wp:attachment":[{"href":"http:\/\/www.rincondelbulla.cl\/portal\/wp-json\/wp\/v2\/media?parent=8482"}],"wp:term":[{"taxonomy":"category","embeddable":true,"href":"http:\/\/www.rincondelbulla.cl\/portal\/wp-json\/wp\/v2\/categories?post=8482"},{"taxonomy":"post_tag","embeddable":true,"href":"http:\/\/www.rincondelbulla.cl\/portal\/wp-json\/wp\/v2\/tags?post=8482"}],"curies":[{"name":"wp","href":"https:\/\/api.w.org\/{rel}","templated":true}]}}