{"id":8488,"date":"2016-02-29T16:05:37","date_gmt":"2016-02-29T16:05:37","guid":{"rendered":"http:\/\/www.rincondelbulla.cl\/portal\/?p=8488"},"modified":"2016-02-29T16:16:08","modified_gmt":"2016-02-29T16:16:08","slug":"marca-personal-un-magico-en-tierra-santa","status":"publish","type":"post","link":"http:\/\/www.rincondelbulla.cl\/portal\/2016\/02\/29\/marca-personal-un-magico-en-tierra-santa\/","title":{"rendered":"Marca Personal: Un \u00abM\u00e1gico\u00bb en \u00abTierra Santa\u00bb"},"content":{"rendered":"<figure id=\"attachment_8481\" aria-describedby=\"caption-attachment-8481\" style=\"width: 1100px\" class=\"wp-caption alignnone\"><img loading=\"lazy\" decoding=\"async\" class=\"wp-image-8481 size-full\" src=\"http:\/\/www.rincondelbulla.cl\/portal\/wp-content\/uploads\/2016\/02\/canales.jpg\" alt=\"\" width=\"1100\" height=\"733\" srcset=\"http:\/\/www.rincondelbulla.cl\/portal\/wp-content\/uploads\/2016\/02\/canales.jpg 1100w, http:\/\/www.rincondelbulla.cl\/portal\/wp-content\/uploads\/2016\/02\/canales-300x200.jpg 300w, http:\/\/www.rincondelbulla.cl\/portal\/wp-content\/uploads\/2016\/02\/canales-768x512.jpg 768w, http:\/\/www.rincondelbulla.cl\/portal\/wp-content\/uploads\/2016\/02\/canales-696x464.jpg 696w, http:\/\/www.rincondelbulla.cl\/portal\/wp-content\/uploads\/2016\/02\/canales-1068x712.jpg 1068w, http:\/\/www.rincondelbulla.cl\/portal\/wp-content\/uploads\/2016\/02\/canales-630x420.jpg 630w\" sizes=\"auto, (max-width: 1100px) 100vw, 1100px\" \/><figcaption id=\"caption-attachment-8481\" class=\"wp-caption-text\">El an\u00e1lisis uno por uno de Rinc\u00f3n del Bulla &#8211; Foto: Patricio Gonz\u00e1lez<\/figcaption><\/figure>\n<p><strong>Por fin lleg\u00f3 el triunfo al equipo de Sebasti\u00e1n Beccacece, y fue nuevamente de forma contundente, \u201cEl Rom\u00e1ntico Viajero\u201d de la mano de Gustavo Canales goleo en \u201cTierra Santa\u201d al copero Cobresal y de esta manera quiere comenzar el tan anhelado despegue futbol\u00edstico.<\/strong><!--more--><\/p>\n<p><span style=\"font-weight: 400;\">En el primer tiempo si bien los azules se hicieron dominadores del encuentros, la defensa azul siempre mal parada sufr\u00eda con los embates mineros, y as\u00ed fue como a las 10 minutos Oyaneder abri\u00f3 el marcador para los locales en el mejor momento del equipo que en la semana hab\u00eda perdido frente a Cerro Porte\u00f1o de Forastero. De a poco los azules se apropiaron del medioterreno y fue Mathias Corujo quien marc\u00f3 el empate tras buen centro de Canales en el minuto 31. Pero los Leones quer\u00edan irse con el triunfo a los vestuarios y fue Sebasti\u00e1n Ubilla, tras pase de Canales, quien marc\u00f3 el 2-1 para los azules en el minuto 44.<\/span><\/p>\n<p><span style=\"font-weight: 400;\">Ya en el segundo tiempo fue todo para la escuadra de Beccacece, los azules fueron amplios dominadores en el estadio el Cobre del Salvador, y Canales, figura excluyente del encuentro, marcaba el tercer gol azul en el minuto 69. Pero el \u201cM\u00e1gico\u201d en el minuto 76 desperdici\u00f3 un penal muy bien contenido por el portero Cuerdo. Para coronar el triunfo el juvenil Matias Parada decret\u00f3 el 4-1 azul tras una nueva habilitaci\u00f3n de Canales. La alegr\u00eda volvi\u00f3 al camar\u00edn azul, pero fue una alegr\u00eda mesurada ya que los jugadores saben que deben reafirmar frente a Union Espa\u00f1ola lo hecho en el Salvador. <strong>Este es el Marca Personal del Rinc\u00f3n Del Bulla:<\/strong><\/span><\/p>\n<p><span style=\"font-weight: 400;\"><strong>25.-Johnny Herrera:<\/strong> \u00a0Tuvo un par de muy buenas atajadas el capitan azul. Nota 5.5<\/span><\/p>\n<p><span style=\"font-weight: 400;\"><strong>16.-Matias Rodriguez:<\/strong> Fue un agente constante en ataque y con r\u00e1pido retroceso para colaborar en labores defensivas. Nota 5.0<\/span><\/p>\n<p><span style=\"font-weight: 400;\"><strong>4.-Osvaldo Gonzalez:<\/strong> \u00a0El peor partido de lo que va del a\u00f1o para Rocky. Nota 4.0<\/span><\/p>\n<p><span style=\"font-weight: 400;\"><strong>23.-Cristi\u00e1n Su\u00e1rez<\/strong>: Muy desordenado en la marca. Nota 4.5<\/span><\/p>\n<p><span style=\"font-weight: 400;\"><strong>3.-Fabi\u00e1n Monz\u00f3n:<\/strong> Su forma f\u00edsica va en ascenso, jug\u00f3 por segunda vez los 90 minutos de juego. Nota 4.0<\/span><\/p>\n<p><span style=\"font-weight: 400;\"><strong>21.-Gonzalo Espinoza:<\/strong> Afirm\u00f3 el medio campo azul, ayudando en la generaci\u00f3n de f\u00fatbol y poniendo pierna fuerte en la recuperaci\u00f3n. Nota 5.5<\/span><\/p>\n<p><span style=\"font-weight: 400;\"><strong>5.-Mathias Corujo:<\/strong> Acompa\u00f1o de buena manera en labores defensivas a Espinoza, y adem\u00e1s fue un constante agente ofensivo, tanto as\u00ed que fue quien marc\u00f3 el primer gol azul. Nota 6.0<\/span><\/p>\n<p><span style=\"font-weight: 400;\"><strong>22.-Gustavo Lorenzetti:<\/strong> \u00a0Movedizo como siempre, se entendi\u00f3 de gran manera con Canales. Nota 5.0<\/span><\/p>\n<p><span style=\"font-weight: 400;\"><strong>11.- Sebasti\u00e1n Ubilla:<\/strong> Movedizo por el lado derecho, obligo al lateral de cobresal a no subir por su banda. Nota 5.5<\/span><\/p>\n<p><span style=\"font-weight: 400;\"><strong>19 Gustavo Canales: Tremendo partido de Canales, fue participe en los 4 goles. Nota 6.5<\/strong><\/span><\/p>\n<p><span style=\"font-weight: 400;\"><strong>8.-Patricio Rubio:<\/strong> Corri\u00f3 bastante, pero no le sale una buena. de lo m\u00e1s bajo en los azules. Nota 4.0<\/span><\/p>\n<p><strong>Cambios<\/strong><\/p>\n<p><span style=\"font-weight: 400;\"><strong>6.-Sebasti\u00e1n Mart\u00ednez (61\u2019 por Rubio)<\/strong>: \u00a0Con su ingreso aseguro la tenencia del bal\u00f3n y evito malos ratos para herrera. Nota 4.5<\/span><\/p>\n<p><span style=\"font-weight: 400;\"><strong>29.-Matias Parada (86\u2019 por Ubilla)<\/strong>: Debut\u00f3 con un Gol. <\/span><\/p>\n<p><strong>30.-Yerco Leiva (89\u2019 por Lorenzetti)<\/strong><\/p>\n","protected":false},"excerpt":{"rendered":"<p>Por fin lleg\u00f3 el triunfo al equipo de Sebasti\u00e1n Beccacece, y fue nuevamente de forma contundente, \u201cEl Rom\u00e1ntico Viajero\u201d de la mano de Gustavo Canales goleo en \u201cTierra Santa\u201d al copero Cobresal y de esta manera quiere comenzar el tan anhelado despegue futbol\u00edstico.<\/p>\n","protected":false},"author":21381,"featured_media":8481,"comment_status":"closed","ping_status":"open","sticky":false,"template":"","format":"standard","meta":{"footnotes":""},"categories":[18],"tags":[454,56,43,157,573,538],"class_list":{"0":"post-8488","1":"post","2":"type-post","3":"status-publish","4":"format-standard","5":"has-post-thumbnail","7":"category-actualidad","8":"tag-actualidad","9":"tag-gustavo-canales","10":"tag-marca-personal","11":"tag-portada","12":"tag-tierra-santa","13":"tag-torneo-clausura-2015-2016"},"_links":{"self":[{"href":"http:\/\/www.rincondelbulla.cl\/portal\/wp-json\/wp\/v2\/posts\/8488","targetHints":{"allow":["GET"]}}],"collection":[{"href":"http:\/\/www.rincondelbulla.cl\/portal\/wp-json\/wp\/v2\/posts"}],"about":[{"href":"http:\/\/www.rincondelbulla.cl\/portal\/wp-json\/wp\/v2\/types\/post"}],"author":[{"embeddable":true,"href":"http:\/\/www.rincondelbulla.cl\/portal\/wp-json\/wp\/v2\/users\/21381"}],"replies":[{"embeddable":true,"href":"http:\/\/www.rincondelbulla.cl\/portal\/wp-json\/wp\/v2\/comments?post=8488"}],"version-history":[{"count":4,"href":"http:\/\/www.rincondelbulla.cl\/portal\/wp-json\/wp\/v2\/posts\/8488\/revisions"}],"predecessor-version":[{"id":8492,"href":"http:\/\/www.rincondelbulla.cl\/portal\/wp-json\/wp\/v2\/posts\/8488\/revisions\/8492"}],"wp:featuredmedia":[{"embeddable":true,"href":"http:\/\/www.rincondelbulla.cl\/portal\/wp-json\/wp\/v2\/media\/8481"}],"wp:attachment":[{"href":"http:\/\/www.rincondelbulla.cl\/portal\/wp-json\/wp\/v2\/media?parent=8488"}],"wp:term":[{"taxonomy":"category","embeddable":true,"href":"http:\/\/www.rincondelbulla.cl\/portal\/wp-json\/wp\/v2\/categories?post=8488"},{"taxonomy":"post_tag","embeddable":true,"href":"http:\/\/www.rincondelbulla.cl\/portal\/wp-json\/wp\/v2\/tags?post=8488"}],"curies":[{"name":"wp","href":"https:\/\/api.w.org\/{rel}","templated":true}]}}