{"id":8549,"date":"2016-03-02T17:41:10","date_gmt":"2016-03-02T17:41:10","guid":{"rendered":"http:\/\/www.rincondelbulla.cl\/portal\/?p=8549"},"modified":"2016-03-02T20:10:08","modified_gmt":"2016-03-02T20:10:08","slug":"sebastian-martinez-pensamos-ganar-este-partido-importantisimo-que-se-viene","status":"publish","type":"post","link":"http:\/\/www.rincondelbulla.cl\/portal\/2016\/03\/02\/sebastian-martinez-pensamos-ganar-este-partido-importantisimo-que-se-viene\/","title":{"rendered":"Sebasti\u00e1n Mart\u00ednez: \u201cPensamos ganar este partido important\u00edsimo que se viene\u201d"},"content":{"rendered":"<figure id=\"attachment_7001\" aria-describedby=\"caption-attachment-7001\" style=\"width: 797px\" class=\"wp-caption alignnone\"><img loading=\"lazy\" decoding=\"async\" class=\" wp-image-7001\" src=\"http:\/\/www.rincondelbulla.cl\/portal\/wp-content\/uploads\/2015\/03\/11046616_10205113940421651_7749686087698057808_o.jpg\" alt=\"El nacido en la cantera azul manifest\u00f3 la confianza de vencer a Uni\u00f3n Espa\u00f1ola y repuntar en la tabla.\" width=\"797\" height=\"531\" srcset=\"http:\/\/www.rincondelbulla.cl\/portal\/wp-content\/uploads\/2015\/03\/11046616_10205113940421651_7749686087698057808_o.jpg 1200w, http:\/\/www.rincondelbulla.cl\/portal\/wp-content\/uploads\/2015\/03\/11046616_10205113940421651_7749686087698057808_o-300x200.jpg 300w, http:\/\/www.rincondelbulla.cl\/portal\/wp-content\/uploads\/2015\/03\/11046616_10205113940421651_7749686087698057808_o-768x512.jpg 768w, http:\/\/www.rincondelbulla.cl\/portal\/wp-content\/uploads\/2015\/03\/11046616_10205113940421651_7749686087698057808_o-696x464.jpg 696w, http:\/\/www.rincondelbulla.cl\/portal\/wp-content\/uploads\/2015\/03\/11046616_10205113940421651_7749686087698057808_o-1068x712.jpg 1068w, http:\/\/www.rincondelbulla.cl\/portal\/wp-content\/uploads\/2015\/03\/11046616_10205113940421651_7749686087698057808_o-630x420.jpg 630w\" sizes=\"auto, (max-width: 797px) 100vw, 797px\" \/><figcaption id=\"caption-attachment-7001\" class=\"wp-caption-text\">El nacido en la cantera azul manifest\u00f3 la confianza de vencer a Uni\u00f3n Espa\u00f1ola y repuntar en la tabla.<\/figcaption><\/figure>\n<p><strong>El volante formado en la cantera azul mostr\u00f3 la confianza que tiene el equipo de poder seguir remontando en su juego y la tabla. La salida repentina de Gustavo Lorenzetti del entrenamiento por molestias f\u00edsicas y la seguidilla de lesiones se tom\u00f3 la agenda en el CDA.<\/strong><!--more--><\/p>\n<p>El triunfo ante Cobresal el domingo pasado abri\u00f3 el apetito en el Centro Deportivo Azul. Quieren seguir en esta senda y ya piensan en Uni\u00f3n Espa\u00f1ola, el rival de este s\u00e1bado en el Estadio Santa Laura, desde las 17:oo hrs.<\/p>\n<p>Sebasti\u00e1n Mart\u00ednez reafirm\u00f3 esta convicci\u00f3n y reconoci\u00f3 que se tratar\u00e1 de un complicado partido. Sobre la posibilidad de volver a la lucha por el t\u00edtulo, tomando en cuenta el partido que enfrentar\u00e1 a dos de los equipos de la parte alta de la tabla, el \u201cChino\u201d aseguro que se debe ir paso a paso. <strong>\u201cNosotros pensamos ganar este partido important\u00edsimo que se viene, ya despu\u00e9s pensaremos en los dem\u00e1s. El partido en el que estamos enfocados es el que viene con Uni\u00f3n (Espa\u00f1ola), que es un rival dif\u00edcil y que estamos analizando\u201d.<\/strong><\/p>\n<p>Sin embargo, la repentina salida de Gustavo Lorenzetti del entrenamiento, por molestias f\u00edsicas, prendi\u00f3 las alarmas. Mart\u00ednez asegur\u00f3 que su retiro fue repentino y que esperan que no se trate de nada grave. <strong>\u201cGustavo (Lorenzetti) sabemos que es muy importante para el equipo. Siempre hay jugadores que lo puedan reemplazar y hacerlo bien. Espero que no sea nada grave y pueda estar para el equipo\u201d<\/strong>.<\/p>\n<p>Sobre la seguidilla de lesiones que ha afectado al plantel, el volante lament\u00f3 esta situaci\u00f3n y descart\u00f3 que esta se deba a la exigente rutina de trabajo al que los somete Sebasti\u00e1n Beccacece en doble jornada. Para el \u201cChino\u201d solo se trata de mala suerte. <strong>\u201cLamentablemente hemos tenido varios compa\u00f1eros que se han lesionado y eso perjudica un poco el equipo\u201d<\/strong>, reconoci\u00f3.<\/p>\n<p>Sobre su rendimiento personal y chances de volver a la titularidad, Mart\u00ednez asegur\u00f3 que <strong>\u201csiempre estoy esperando jugar. Me entreno al 1.000% para poder estar en el equipo titular y eso ya depende del t\u00e9cnico qui\u00e9n es el que juega. Siempre va a haber competencia y lo bueno de esto es que hay una competencia sana. Yo con Gonzalo (Espinoza) me llevo s\u00faper bien y eso ayuda mucho tambi\u00e9n para el equipo\u201d<\/strong>. Finalmente, valor\u00f3 la recuperaci\u00f3n de Fabi\u00e1n Carmona, quien ya est\u00e1 a disposici\u00f3n del cuerpo t\u00e9cnico y listo par pelear por un puesto en las convocatorias.<\/p>\n<div class=\"youtube-embed\" data-video_id=\"cPvjpV39qX8\"><iframe loading=\"lazy\" width=\"696\" height=\"392\" src=\"https:\/\/www.youtube.com\/embed\/cPvjpV39qX8?feature=oembed&#038;enablejsapi=1\" frameborder=\"0\" allow=\"accelerometer; autoplay; encrypted-media; gyroscope; picture-in-picture\" allowfullscreen><\/iframe><\/div>\n","protected":false},"excerpt":{"rendered":"<p>El volante formado en la cantera azul mostr\u00f3 la confianza que tiene el equipo de poder seguir remontando en su juego y la tabla. La salida repentina de Gustavo Lorenzetti del entrenamiento por molestias f\u00edsicas y la seguidilla de lesiones se tom\u00f3 la agenda en el CDA.<\/p>\n","protected":false},"author":21382,"featured_media":6086,"comment_status":"closed","ping_status":"open","sticky":false,"template":"","format":"standard","meta":{"footnotes":""},"categories":[18],"tags":[454,513,341,190,416,261,78,157,579,537,109,470,156],"class_list":{"0":"post-8549","1":"post","2":"type-post","3":"status-publish","4":"format-standard","5":"has-post-thumbnail","7":"category-actualidad","8":"tag-actualidad","9":"tag-clausura-2015-2016","10":"tag-cobresal","11":"tag-estadio","12":"tag-fabian-carmona","13":"tag-gonzalo-espinoza","14":"tag-gustavo-lorenzetti","15":"tag-portada","16":"tag-santa-laura","17":"tag-sebastian-beccacece","19":"tag-union-espanola","20":"tag-universidad-de-chile"},"_links":{"self":[{"href":"http:\/\/www.rincondelbulla.cl\/portal\/wp-json\/wp\/v2\/posts\/8549","targetHints":{"allow":["GET"]}}],"collection":[{"href":"http:\/\/www.rincondelbulla.cl\/portal\/wp-json\/wp\/v2\/posts"}],"about":[{"href":"http:\/\/www.rincondelbulla.cl\/portal\/wp-json\/wp\/v2\/types\/post"}],"author":[{"embeddable":true,"href":"http:\/\/www.rincondelbulla.cl\/portal\/wp-json\/wp\/v2\/users\/21382"}],"replies":[{"embeddable":true,"href":"http:\/\/www.rincondelbulla.cl\/portal\/wp-json\/wp\/v2\/comments?post=8549"}],"version-history":[{"count":4,"href":"http:\/\/www.rincondelbulla.cl\/portal\/wp-json\/wp\/v2\/posts\/8549\/revisions"}],"predecessor-version":[{"id":8556,"href":"http:\/\/www.rincondelbulla.cl\/portal\/wp-json\/wp\/v2\/posts\/8549\/revisions\/8556"}],"wp:featuredmedia":[{"embeddable":true,"href":"http:\/\/www.rincondelbulla.cl\/portal\/wp-json\/wp\/v2\/media\/6086"}],"wp:attachment":[{"href":"http:\/\/www.rincondelbulla.cl\/portal\/wp-json\/wp\/v2\/media?parent=8549"}],"wp:term":[{"taxonomy":"category","embeddable":true,"href":"http:\/\/www.rincondelbulla.cl\/portal\/wp-json\/wp\/v2\/categories?post=8549"},{"taxonomy":"post_tag","embeddable":true,"href":"http:\/\/www.rincondelbulla.cl\/portal\/wp-json\/wp\/v2\/tags?post=8549"}],"curies":[{"name":"wp","href":"https:\/\/api.w.org\/{rel}","templated":true}]}}