{"id":8641,"date":"2016-03-05T19:00:26","date_gmt":"2016-03-05T22:00:26","guid":{"rendered":"http:\/\/www.rincondelbulla.cl\/portal\/?p=8641"},"modified":"2016-03-05T19:55:53","modified_gmt":"2016-03-05T22:55:53","slug":"ya-se-encuentran-a-la-venta-las-entradas-para-el-duelo-contra-universidad-de-concepcion","status":"publish","type":"post","link":"http:\/\/www.rincondelbulla.cl\/portal\/2016\/03\/05\/ya-se-encuentran-a-la-venta-las-entradas-para-el-duelo-contra-universidad-de-concepcion\/","title":{"rendered":"\u00a1Ya se encuentran a la venta las entradas para el duelo contra Universidad de Concepci\u00f3n!"},"content":{"rendered":"<figure id=\"attachment_8642\" aria-describedby=\"caption-attachment-8642\" style=\"width: 1100px\" class=\"wp-caption aligncenter\"><img loading=\"lazy\" decoding=\"async\" class=\"size-full wp-image-8642\" src=\"http:\/\/www.rincondelbulla.cl\/portal\/wp-content\/uploads\/2016\/03\/plantel-clausura-16.jpg\" alt=\"Apoya al equipo en esta novena fecha del Clausura - Foto: Photosport\" width=\"1100\" height=\"733\" srcset=\"http:\/\/www.rincondelbulla.cl\/portal\/wp-content\/uploads\/2016\/03\/plantel-clausura-16.jpg 1100w, http:\/\/www.rincondelbulla.cl\/portal\/wp-content\/uploads\/2016\/03\/plantel-clausura-16-300x200.jpg 300w, http:\/\/www.rincondelbulla.cl\/portal\/wp-content\/uploads\/2016\/03\/plantel-clausura-16-768x512.jpg 768w, http:\/\/www.rincondelbulla.cl\/portal\/wp-content\/uploads\/2016\/03\/plantel-clausura-16-696x464.jpg 696w, http:\/\/www.rincondelbulla.cl\/portal\/wp-content\/uploads\/2016\/03\/plantel-clausura-16-1068x712.jpg 1068w, http:\/\/www.rincondelbulla.cl\/portal\/wp-content\/uploads\/2016\/03\/plantel-clausura-16-630x420.jpg 630w\" sizes=\"auto, (max-width: 1100px) 100vw, 1100px\" \/><figcaption id=\"caption-attachment-8642\" class=\"wp-caption-text\">Apoya al equipo en esta novena fecha del Clausura &#8211; Foto: Photosport<\/figcaption><\/figure>\n<p><strong>Universidad de Chile se enfrentar\u00e1 el domingo 13 de marzo ante Universidad de Concepci\u00f3n por la novena fecha del Torneo de Clausura, en el Estadio Nacional.<\/strong><!--more--><\/p>\n<p>El partido se disputar\u00e1 a las 19:30 horas y las entradas ya se encuentran disponibles en <a href=\"http:\/\/www.puntoticket.com\/Evento.aspx?EventoID=UCH072\" target=\"_blank\">Puntoticket<\/a> para acompa\u00f1ar al equipo.<\/p>\n<p>Los azules quieren seguir trepando a las alturas de la tabla de posiciones y dejar atr\u00e1s la mala campa\u00f1a que han tenido con Sebasti\u00e1n Beccacece. Pretenden repuntar y posicionarse en un lugar que les abra puertas para los torneos internacionales.<\/p>\n<p><strong>VALORES DE ENTRADAS<\/strong><\/p>\n<p>Bajo Marquesina: $40.000.-<br \/>\nFuera Marquesina: $25.000.-<br \/>\nAndes: $10.000.-<br \/>\nAndes (Ni\u00f1os): $4.000.-<br \/>\nPac\u00edfico Lateral Sur: $18.000.-<br \/>\nGaler\u00eda Sur: $6.000.-<br \/>\nGaler\u00eda Norte: $6.000.-<br \/>\nGaler\u00eda (Ni\u00f1o): $4.000.-<\/p>\n<p><strong>Quienes compren Galer\u00eda en Santiago<\/strong>, el retiro de las entradas en las boleter\u00edas del Estadio Nacional, ubicada en Avenida Grecia. <strong>El horario de atenci\u00f3n es:<\/strong><\/p>\n<p>Jueves 10 de Marzo: 10:00 a 20:00 hrs.<br \/>\nViernes 11 de Marzo: 10:00 a 20:00 hrs.<br \/>\nS\u00e1bado 12 de Marzo: 10:00 a 20:00 hrs.<\/p>\n<p>*<strong>La compra de tickets en regiones, puedes retirarse en cualquier Cinemark en horario de mall.<\/strong><br \/>\n*Las entradas de Marquesina, Pac\u00edfico Lateral Sur y Andes son con E-Tickets.<br \/>\n*Si el ticket es para Galer\u00eda Sur, no puede se puede ingresar a Galer\u00eda Norte y viceversa.<\/p>\n","protected":false},"excerpt":{"rendered":"<p>Universidad de Chile se enfrentar\u00e1 el domingo 13 de marzo ante Universidad de Concepci\u00f3n por la novena fecha del Torneo de Clausura, en el Estadio Nacional.<\/p>\n","protected":false},"author":21385,"featured_media":8642,"comment_status":"closed","ping_status":"open","sticky":false,"template":"","format":"standard","meta":{"footnotes":""},"categories":[18],"tags":[454,513],"class_list":{"0":"post-8641","1":"post","2":"type-post","3":"status-publish","4":"format-standard","5":"has-post-thumbnail","7":"category-actualidad","8":"tag-actualidad","9":"tag-clausura-2015-2016"},"_links":{"self":[{"href":"http:\/\/www.rincondelbulla.cl\/portal\/wp-json\/wp\/v2\/posts\/8641","targetHints":{"allow":["GET"]}}],"collection":[{"href":"http:\/\/www.rincondelbulla.cl\/portal\/wp-json\/wp\/v2\/posts"}],"about":[{"href":"http:\/\/www.rincondelbulla.cl\/portal\/wp-json\/wp\/v2\/types\/post"}],"author":[{"embeddable":true,"href":"http:\/\/www.rincondelbulla.cl\/portal\/wp-json\/wp\/v2\/users\/21385"}],"replies":[{"embeddable":true,"href":"http:\/\/www.rincondelbulla.cl\/portal\/wp-json\/wp\/v2\/comments?post=8641"}],"version-history":[{"count":2,"href":"http:\/\/www.rincondelbulla.cl\/portal\/wp-json\/wp\/v2\/posts\/8641\/revisions"}],"predecessor-version":[{"id":8644,"href":"http:\/\/www.rincondelbulla.cl\/portal\/wp-json\/wp\/v2\/posts\/8641\/revisions\/8644"}],"wp:featuredmedia":[{"embeddable":true,"href":"http:\/\/www.rincondelbulla.cl\/portal\/wp-json\/wp\/v2\/media\/8642"}],"wp:attachment":[{"href":"http:\/\/www.rincondelbulla.cl\/portal\/wp-json\/wp\/v2\/media?parent=8641"}],"wp:term":[{"taxonomy":"category","embeddable":true,"href":"http:\/\/www.rincondelbulla.cl\/portal\/wp-json\/wp\/v2\/categories?post=8641"},{"taxonomy":"post_tag","embeddable":true,"href":"http:\/\/www.rincondelbulla.cl\/portal\/wp-json\/wp\/v2\/tags?post=8641"}],"curies":[{"name":"wp","href":"https:\/\/api.w.org\/{rel}","templated":true}]}}