{"id":8670,"date":"2016-03-06T19:53:44","date_gmt":"2016-03-06T22:53:44","guid":{"rendered":"http:\/\/www.rincondelbulla.cl\/portal\/?p=8670"},"modified":"2016-03-08T16:33:23","modified_gmt":"2016-03-08T19:33:23","slug":"marca-personal-con-arquero-pero-sin-fisico","status":"publish","type":"post","link":"http:\/\/www.rincondelbulla.cl\/portal\/2016\/03\/06\/marca-personal-con-arquero-pero-sin-fisico\/","title":{"rendered":"Marca Personal: Con arquero pero sin f\u00edsico"},"content":{"rendered":"<figure id=\"attachment_8659\" aria-describedby=\"caption-attachment-8659\" style=\"width: 670px\" class=\"wp-caption alignnone\"><img loading=\"lazy\" decoding=\"async\" class=\"size-full wp-image-8659\" src=\"http:\/\/www.rincondelbulla.cl\/portal\/wp-content\/uploads\/2016\/03\/Johnny_Herrera.jpg\" alt=\"El Samurai Azul tuvo intervenciones de antolog\u00eda que privaron a Uni\u00f3n Espa\u00f1ola de quedarse con los tres puntos. Foto: Agencia Uno\" width=\"670\" height=\"400\" srcset=\"http:\/\/www.rincondelbulla.cl\/portal\/wp-content\/uploads\/2016\/03\/Johnny_Herrera.jpg 670w, http:\/\/www.rincondelbulla.cl\/portal\/wp-content\/uploads\/2016\/03\/Johnny_Herrera-300x179.jpg 300w\" sizes=\"auto, (max-width: 670px) 100vw, 670px\" \/><figcaption id=\"caption-attachment-8659\" class=\"wp-caption-text\">El Samurai Azul tuvo intervenciones de antolog\u00eda que privaron a Uni\u00f3n Espa\u00f1ola de quedarse con los tres puntos. Foto: Agencia Uno<\/figcaption><\/figure>\n<p><strong>Un nuevo empate en la era Beccacece se vivi\u00f3 en el estadio de Plaza Chacabuco, un tiempo para cada equipo, y las dudas sobre el trabajo f\u00edsico de los azules aumentan tras un segundo tiempo, donde si no es por Herrera el empate se hubiera transformado en derrota azul.<\/strong><!--more--><\/p>\n<p>En el primer tiempo el once de Beccacece se adue\u00f1\u00f3 del bal\u00f3n y con ello del tr\u00e1mite del partido, pero el dominio no se convirti\u00f3 en llegadas azules, ya que si bien el equipo se ve mejor fecha a fecha, no hay quien habilite a los delanteros. La Jornada del s\u00e1bado tuvo a un ausente Gustavo Lorenzetti en la creaci\u00f3n, quien no logr\u00f3 habilitar con ventaja a sus delanteros.Si a lo anterior le sumamos el mal momento de Patricio Rubio, que no hace una jugada buena, da como resultado un equipo con pocas llegadas al arco rival.<\/p>\n<p>En el segundo tiempo Beccacece sac\u00f3 al \u201cduende\u201d azul e ingres\u00f3 a Yerko Leiva, lo que se tradujo en una p\u00e9rdida del bal\u00f3n y el crecimiento del rival. Uni\u00f3n Espa\u00f1ola pudo abrir la cuenta en numerosas ocasiones pero en frente estaba Johnny Herrera que saco la capa de super heroe y demostr\u00f3 que es un arquero de selecci\u00f3n. Este es el Marca Personal del Rinc\u00f3n del Bulla:<\/p>\n<p><strong>25.-Johnny Herrera: Ahog\u00f3 en varias oportunidades el grito de gol \u201cPanadero\u201d, sin duda ser\u00e1 seleccionado por Pizzi, quien ayer estaba en Santa Laura. Nota: 6.0<\/strong><\/p>\n<p><strong>16.-Matias Rodriguez:<\/strong> No fue el Lateral con llegada del partido anterior. Nota: 4.0<\/p>\n<p><strong>4.-Osvaldo Gonzalez: <\/strong> Recuper\u00f3 su nivel, y fue el punto alto en una defensa que se vio sobrepasada con facilidad en el segundo tiempo. Nota 5.0<\/p>\n<p><strong>18.-Gonzalo Jara:<\/strong> Se rescata su regreso a las canchas, pero le falta f\u00fatbol. Nota 4.5<\/p>\n<p><strong>3.-Fabi\u00e1n Monz\u00f3n:<\/strong> Nuevamente se nota que no est\u00e1 para un partido completo. Nota 3.5<\/p>\n<p><strong>21.-Gonzalo Espinoza:<\/strong> Lo bueno que hizo frente a Cobresal se le olvid\u00f3 en una semana. Nota: 3.5<\/p>\n<p><strong>5.-Mathias Corujo:<\/strong> No fue desequilibrante como contra Cobresal. Nota 4.0<\/p>\n<p><strong>22.-Gustavo Lorenzetti:<\/strong> Un partido para el olvido del rosarino, pas\u00f3 desapercibido. Nota 3.0<\/p>\n<p><strong>11.- Sebasti\u00e1n Ubilla:<\/strong> Corri\u00f3 cada pelota hasta no poder m\u00e1s. Nota 4.5<\/p>\n<p><strong>19 Gustavo Canales<\/strong>: Se enganch\u00f3 para ayudar al desaparecido Lorenzetti y en el segundo tiempo se ubico de 9, pero ya sin f\u00edsico. . Nota 5.0<\/p>\n<p><strong>8.-Patricio Rubio:<\/strong> No solo anda con la p\u00f3lvora mojada, en el partido de ayer pareci\u00f3 un ni\u00f1o de 7 a\u00f1os jugando f\u00fatbol. Nota 2.0<\/p>\n<p><strong>Cambios<\/strong><\/p>\n<p><strong>30.-Yerco Leiva (46\u2019 por Lorenzetti):<\/strong> Le cost\u00f3 agarrar el ritmo del partido, cuando lo hizo gener\u00f3 un par de opciones. Nota 4.5<\/p>\n<p><strong>6.-Sebasti\u00e1n Mart\u00ednez (64\u2019 por Rubio):<\/strong> Recuper\u00f3 en parte el dominio del bal\u00f3n y se le vi\u00f3 bien relevando a Monz\u00f3n por la izquierda. Nota 5.0<\/p>\n<p><strong>9.-Luis Felipe Pinilla (67\u00b4por Ubilla):<\/strong> Corri\u00f3 por ambos lados del ataque azul, y habilit\u00f3 en un par de ocasiones a Canales. Nota 4.5<\/p>\n","protected":false},"excerpt":{"rendered":"<p>Un nuevo empate en la era Beccacece se vivi\u00f3 en el estadio de Plaza Chacabuco, un tiempo para cada equipo, y las dudas sobre el trabajo f\u00edsico de los azules aumentan tras un segundo tiempo, donde si no es por Herrera el empate se hubiera transformado en derrota azul.<\/p>\n","protected":false},"author":21381,"featured_media":8659,"comment_status":"closed","ping_status":"open","sticky":false,"template":"","format":"standard","meta":{"footnotes":""},"categories":[18],"tags":[454,513,43,157,470],"class_list":{"0":"post-8670","1":"post","2":"type-post","3":"status-publish","4":"format-standard","5":"has-post-thumbnail","7":"category-actualidad","8":"tag-actualidad","9":"tag-clausura-2015-2016","10":"tag-marca-personal","12":"tag-union-espanola"},"_links":{"self":[{"href":"http:\/\/www.rincondelbulla.cl\/portal\/wp-json\/wp\/v2\/posts\/8670","targetHints":{"allow":["GET"]}}],"collection":[{"href":"http:\/\/www.rincondelbulla.cl\/portal\/wp-json\/wp\/v2\/posts"}],"about":[{"href":"http:\/\/www.rincondelbulla.cl\/portal\/wp-json\/wp\/v2\/types\/post"}],"author":[{"embeddable":true,"href":"http:\/\/www.rincondelbulla.cl\/portal\/wp-json\/wp\/v2\/users\/21381"}],"replies":[{"embeddable":true,"href":"http:\/\/www.rincondelbulla.cl\/portal\/wp-json\/wp\/v2\/comments?post=8670"}],"version-history":[{"count":2,"href":"http:\/\/www.rincondelbulla.cl\/portal\/wp-json\/wp\/v2\/posts\/8670\/revisions"}],"predecessor-version":[{"id":8756,"href":"http:\/\/www.rincondelbulla.cl\/portal\/wp-json\/wp\/v2\/posts\/8670\/revisions\/8756"}],"wp:featuredmedia":[{"embeddable":true,"href":"http:\/\/www.rincondelbulla.cl\/portal\/wp-json\/wp\/v2\/media\/8659"}],"wp:attachment":[{"href":"http:\/\/www.rincondelbulla.cl\/portal\/wp-json\/wp\/v2\/media?parent=8670"}],"wp:term":[{"taxonomy":"category","embeddable":true,"href":"http:\/\/www.rincondelbulla.cl\/portal\/wp-json\/wp\/v2\/categories?post=8670"},{"taxonomy":"post_tag","embeddable":true,"href":"http:\/\/www.rincondelbulla.cl\/portal\/wp-json\/wp\/v2\/tags?post=8670"}],"curies":[{"name":"wp","href":"https:\/\/api.w.org\/{rel}","templated":true}]}}