{"id":8679,"date":"2016-03-07T11:34:50","date_gmt":"2016-03-07T14:34:50","guid":{"rendered":"http:\/\/www.rincondelbulla.cl\/portal\/?p=8679"},"modified":"2016-03-07T11:34:50","modified_gmt":"2016-03-07T14:34:50","slug":"el-termito-lo-que-cdf-no-mostro-de-la-visita-a-santa-laura","status":"publish","type":"post","link":"http:\/\/www.rincondelbulla.cl\/portal\/2016\/03\/07\/el-termito-lo-que-cdf-no-mostro-de-la-visita-a-santa-laura\/","title":{"rendered":"\u201cEl Termito\u201d: Lo que CDF no mostr\u00f3 de la visita a Santa Laura"},"content":{"rendered":"<p><img loading=\"lazy\" decoding=\"async\" class=\"alignnone size-full wp-image-8683\" src=\"http:\/\/www.rincondelbulla.cl\/portal\/wp-content\/uploads\/2016\/03\/Barra-Santa-Laura.jpg\" alt=\"Barra Santa Laura\" width=\"1600\" height=\"1200\" srcset=\"http:\/\/www.rincondelbulla.cl\/portal\/wp-content\/uploads\/2016\/03\/Barra-Santa-Laura.jpg 1600w, http:\/\/www.rincondelbulla.cl\/portal\/wp-content\/uploads\/2016\/03\/Barra-Santa-Laura-300x225.jpg 300w, http:\/\/www.rincondelbulla.cl\/portal\/wp-content\/uploads\/2016\/03\/Barra-Santa-Laura-768x576.jpg 768w, http:\/\/www.rincondelbulla.cl\/portal\/wp-content\/uploads\/2016\/03\/Barra-Santa-Laura-1200x900.jpg 1200w, http:\/\/www.rincondelbulla.cl\/portal\/wp-content\/uploads\/2016\/03\/Barra-Santa-Laura-80x60.jpg 80w, http:\/\/www.rincondelbulla.cl\/portal\/wp-content\/uploads\/2016\/03\/Barra-Santa-Laura-265x198.jpg 265w, http:\/\/www.rincondelbulla.cl\/portal\/wp-content\/uploads\/2016\/03\/Barra-Santa-Laura-696x522.jpg 696w, http:\/\/www.rincondelbulla.cl\/portal\/wp-content\/uploads\/2016\/03\/Barra-Santa-Laura-1068x801.jpg 1068w, http:\/\/www.rincondelbulla.cl\/portal\/wp-content\/uploads\/2016\/03\/Barra-Santa-Laura-560x420.jpg 560w\" sizes=\"auto, (max-width: 1600px) 100vw, 1600px\" \/><\/p>\n<p><strong>Hoy nace nuestra nueva secci\u00f3n que quiere contarles detalles de lo que las c\u00e1maras de canal Premium no les mostraron. Problemas de acceso, ba\u00f1os \u201cpenitenciarios\u201d y la recuperaci\u00f3n de Guzm\u00e1n Pereira dan la partida.<\/strong><!--more--><\/p>\n<p><strong>UN ACCESO PARA TODO EL CARNAVAL<\/strong><\/p>\n<p><img loading=\"lazy\" decoding=\"async\" class=\"alignnone size-full wp-image-8685\" src=\"http:\/\/www.rincondelbulla.cl\/portal\/wp-content\/uploads\/2016\/03\/Ingresos.jpg\" alt=\"Ingresos\" width=\"720\" height=\"960\" srcset=\"http:\/\/www.rincondelbulla.cl\/portal\/wp-content\/uploads\/2016\/03\/Ingresos.jpg 720w, http:\/\/www.rincondelbulla.cl\/portal\/wp-content\/uploads\/2016\/03\/Ingresos-225x300.jpg 225w, http:\/\/www.rincondelbulla.cl\/portal\/wp-content\/uploads\/2016\/03\/Ingresos-696x928.jpg 696w, http:\/\/www.rincondelbulla.cl\/portal\/wp-content\/uploads\/2016\/03\/Ingresos-315x420.jpg 315w\" sizes=\"auto, (max-width: 720px) 100vw, 720px\" \/><\/p>\n<p>Simplemente impresentable lo ocurrido con el ingreso de los hinchas de la \u201cU\u201d al Estadio Santa Laura este s\u00e1bado. Un solo acceso, con un solo control, para los miles de azules que acompa\u00f1aron al equipo. Incluso, quienes quer\u00edan hacer ingreso, deb\u00edan pasar por un peque\u00f1o pasillo entre una muralla y un bus de Carabineros. Poco antes de finalizar el primer tiempo, a\u00fan entraba en masa gente tanto a\u00a0 Galer\u00eda como a Andes. Tir\u00f3n de orejas para la organizaci\u00f3n de Uni\u00f3n Espa\u00f1ola, nota roja una vez m\u00e1s para Estadio Seguro.<\/p>\n<p><img loading=\"lazy\" decoding=\"async\" class=\"alignnone size-full wp-image-8686\" src=\"http:\/\/www.rincondelbulla.cl\/portal\/wp-content\/uploads\/2016\/03\/Pasillo-estrecho.jpg\" alt=\"Pasillo estrecho\" width=\"960\" height=\"720\" srcset=\"http:\/\/www.rincondelbulla.cl\/portal\/wp-content\/uploads\/2016\/03\/Pasillo-estrecho.jpg 960w, http:\/\/www.rincondelbulla.cl\/portal\/wp-content\/uploads\/2016\/03\/Pasillo-estrecho-300x225.jpg 300w, http:\/\/www.rincondelbulla.cl\/portal\/wp-content\/uploads\/2016\/03\/Pasillo-estrecho-768x576.jpg 768w, http:\/\/www.rincondelbulla.cl\/portal\/wp-content\/uploads\/2016\/03\/Pasillo-estrecho-80x60.jpg 80w, http:\/\/www.rincondelbulla.cl\/portal\/wp-content\/uploads\/2016\/03\/Pasillo-estrecho-265x198.jpg 265w, http:\/\/www.rincondelbulla.cl\/portal\/wp-content\/uploads\/2016\/03\/Pasillo-estrecho-696x522.jpg 696w, http:\/\/www.rincondelbulla.cl\/portal\/wp-content\/uploads\/2016\/03\/Pasillo-estrecho-560x420.jpg 560w\" sizes=\"auto, (max-width: 960px) 100vw, 960px\" \/><\/p>\n<p><strong>\u201cLOS BA\u00d1OS DE LA PENI DEBEN SER MEJORES\u201d<\/strong><\/p>\n<p><img loading=\"lazy\" decoding=\"async\" class=\"alignnone size-full wp-image-8681\" src=\"http:\/\/www.rincondelbulla.cl\/portal\/wp-content\/uploads\/2016\/03\/Ba\u00f1os-Mujeres-3.jpg\" alt=\"Ba\u00f1os Mujeres 3\" width=\"960\" height=\"540\" srcset=\"http:\/\/www.rincondelbulla.cl\/portal\/wp-content\/uploads\/2016\/03\/Ba\u00f1os-Mujeres-3.jpg 960w, http:\/\/www.rincondelbulla.cl\/portal\/wp-content\/uploads\/2016\/03\/Ba\u00f1os-Mujeres-3-300x169.jpg 300w, http:\/\/www.rincondelbulla.cl\/portal\/wp-content\/uploads\/2016\/03\/Ba\u00f1os-Mujeres-3-768x432.jpg 768w, http:\/\/www.rincondelbulla.cl\/portal\/wp-content\/uploads\/2016\/03\/Ba\u00f1os-Mujeres-3-696x392.jpg 696w, http:\/\/www.rincondelbulla.cl\/portal\/wp-content\/uploads\/2016\/03\/Ba\u00f1os-Mujeres-3-747x420.jpg 747w\" sizes=\"auto, (max-width: 960px) 100vw, 960px\" \/><\/p>\n<p>Lamentable lo que tuvieron que vivir las hinchas azules en los ba\u00f1os de Santa Laura. Inmundicia en los pisos, llaves del agua rotas y sin agua, y \u00bf\u201cS\u00e1banas\u201d en las puertas de los ba\u00f1os? Si, ley\u00f3 bien. Como las casetas de ba\u00f1o no ten\u00edan puerta, no encontraron nada mejor que ponerles un pedazo de tela para dar \u201cprivacidad\u201d a sus usuarias. La organizaci\u00f3n en vez de preocuparse de poner gigantograf\u00edas de publicidad en tribunas, deber\u00edan preocuparse de hacer m\u00e1s dignos los ba\u00f1os del recinto.<\/p>\n<p><img loading=\"lazy\" decoding=\"async\" class=\"alignnone size-full wp-image-8680\" src=\"http:\/\/www.rincondelbulla.cl\/portal\/wp-content\/uploads\/2016\/03\/Ba\u00f1os-Mujeres-2.jpg\" alt=\"Ba\u00f1os Mujeres 2\" width=\"540\" height=\"960\" srcset=\"http:\/\/www.rincondelbulla.cl\/portal\/wp-content\/uploads\/2016\/03\/Ba\u00f1os-Mujeres-2.jpg 540w, http:\/\/www.rincondelbulla.cl\/portal\/wp-content\/uploads\/2016\/03\/Ba\u00f1os-Mujeres-2-169x300.jpg 169w, http:\/\/www.rincondelbulla.cl\/portal\/wp-content\/uploads\/2016\/03\/Ba\u00f1os-Mujeres-2-236x420.jpg 236w\" sizes=\"auto, (max-width: 540px) 100vw, 540px\" \/><\/p>\n<p><strong>\u201cEN 10 D\u00cdAS ESTAMOS\u201d<\/strong><\/p>\n<p><img loading=\"lazy\" decoding=\"async\" class=\"alignnone size-full wp-image-8684\" src=\"http:\/\/www.rincondelbulla.cl\/portal\/wp-content\/uploads\/2016\/03\/Guzm\u00e1n-Pereira.jpg\" alt=\"Guzm\u00e1n Pereira\" width=\"1600\" height=\"1200\" srcset=\"http:\/\/www.rincondelbulla.cl\/portal\/wp-content\/uploads\/2016\/03\/Guzm\u00e1n-Pereira.jpg 1600w, http:\/\/www.rincondelbulla.cl\/portal\/wp-content\/uploads\/2016\/03\/Guzm\u00e1n-Pereira-300x225.jpg 300w, http:\/\/www.rincondelbulla.cl\/portal\/wp-content\/uploads\/2016\/03\/Guzm\u00e1n-Pereira-768x576.jpg 768w, http:\/\/www.rincondelbulla.cl\/portal\/wp-content\/uploads\/2016\/03\/Guzm\u00e1n-Pereira-1200x900.jpg 1200w, http:\/\/www.rincondelbulla.cl\/portal\/wp-content\/uploads\/2016\/03\/Guzm\u00e1n-Pereira-80x60.jpg 80w, http:\/\/www.rincondelbulla.cl\/portal\/wp-content\/uploads\/2016\/03\/Guzm\u00e1n-Pereira-265x198.jpg 265w, http:\/\/www.rincondelbulla.cl\/portal\/wp-content\/uploads\/2016\/03\/Guzm\u00e1n-Pereira-696x522.jpg 696w, http:\/\/www.rincondelbulla.cl\/portal\/wp-content\/uploads\/2016\/03\/Guzm\u00e1n-Pereira-1068x801.jpg 1068w, http:\/\/www.rincondelbulla.cl\/portal\/wp-content\/uploads\/2016\/03\/Guzm\u00e1n-Pereira-560x420.jpg 560w\" sizes=\"auto, (max-width: 1600px) 100vw, 1600px\" \/><\/p>\n<p>Buenas noticias para la \u201cU\u201d de cara al Supercl\u00e1sico del 20 de marzo. Mientras compart\u00eda, se sacaba fotos y firmaba aut\u00f3grafos, Guzm\u00e1n Pereira nos cont\u00f3 que en 10 d\u00edas volv\u00eda al f\u00fatbol. Consultado sobre si llega optimo al partido con el archirrival, el yorugua gui\u00f1\u00f3 el ojo y dijo \u201cobvio\u201d. \u00a1\u00c9xito Guzm\u00e1n!<\/p>\n<p><strong>PIZZI LLEG\u00d3 A PLAZA CHACABUCO<\/strong><\/p>\n<p><img loading=\"lazy\" decoding=\"async\" class=\"alignnone size-full wp-image-8690\" src=\"http:\/\/www.rincondelbulla.cl\/portal\/wp-content\/uploads\/2016\/03\/Pizzi.jpg\" alt=\"Pizzi\" width=\"1600\" height=\"1200\" srcset=\"http:\/\/www.rincondelbulla.cl\/portal\/wp-content\/uploads\/2016\/03\/Pizzi.jpg 1600w, http:\/\/www.rincondelbulla.cl\/portal\/wp-content\/uploads\/2016\/03\/Pizzi-300x225.jpg 300w, http:\/\/www.rincondelbulla.cl\/portal\/wp-content\/uploads\/2016\/03\/Pizzi-768x576.jpg 768w, http:\/\/www.rincondelbulla.cl\/portal\/wp-content\/uploads\/2016\/03\/Pizzi-1200x900.jpg 1200w, http:\/\/www.rincondelbulla.cl\/portal\/wp-content\/uploads\/2016\/03\/Pizzi-80x60.jpg 80w, http:\/\/www.rincondelbulla.cl\/portal\/wp-content\/uploads\/2016\/03\/Pizzi-265x198.jpg 265w, http:\/\/www.rincondelbulla.cl\/portal\/wp-content\/uploads\/2016\/03\/Pizzi-696x522.jpg 696w, http:\/\/www.rincondelbulla.cl\/portal\/wp-content\/uploads\/2016\/03\/Pizzi-1068x801.jpg 1068w, http:\/\/www.rincondelbulla.cl\/portal\/wp-content\/uploads\/2016\/03\/Pizzi-560x420.jpg 560w\" sizes=\"auto, (max-width: 1600px) 100vw, 1600px\" \/><\/p>\n<p>En su misi\u00f3n de ver a los jugadores del medio local, el actual seleccionador nacional Juan Antonio Pizzi, lleg\u00f3 hasta una de las casetas del Estadio Santa Laura para ver el desarrollo del partido entre hispanos y azules. Arrib\u00f3 al lugar poco antes de iniciarse el cotejo y se retir\u00f3 faltando algunos minutos para el pitazo final. Ojal\u00e1 haya visto y anotado la brillante actuaci\u00f3n de Herrera en el segundo tiempo. Ahora si no lo hizo y no piensa llamarlo: mejor para nosotros.<\/p>\n<p><strong>MOCHA EN MARQUESINA<\/strong><\/p>\n<p><img loading=\"lazy\" decoding=\"async\" class=\"alignnone size-full wp-image-8688\" src=\"http:\/\/www.rincondelbulla.cl\/portal\/wp-content\/uploads\/2016\/03\/Pelea-3.jpg\" alt=\"Pelea 3\" width=\"2576\" height=\"1932\" srcset=\"http:\/\/www.rincondelbulla.cl\/portal\/wp-content\/uploads\/2016\/03\/Pelea-3.jpg 2576w, http:\/\/www.rincondelbulla.cl\/portal\/wp-content\/uploads\/2016\/03\/Pelea-3-300x225.jpg 300w, http:\/\/www.rincondelbulla.cl\/portal\/wp-content\/uploads\/2016\/03\/Pelea-3-768x576.jpg 768w, http:\/\/www.rincondelbulla.cl\/portal\/wp-content\/uploads\/2016\/03\/Pelea-3-1200x900.jpg 1200w, http:\/\/www.rincondelbulla.cl\/portal\/wp-content\/uploads\/2016\/03\/Pelea-3-80x60.jpg 80w, http:\/\/www.rincondelbulla.cl\/portal\/wp-content\/uploads\/2016\/03\/Pelea-3-265x198.jpg 265w, http:\/\/www.rincondelbulla.cl\/portal\/wp-content\/uploads\/2016\/03\/Pelea-3-696x522.jpg 696w, http:\/\/www.rincondelbulla.cl\/portal\/wp-content\/uploads\/2016\/03\/Pelea-3-1068x801.jpg 1068w, http:\/\/www.rincondelbulla.cl\/portal\/wp-content\/uploads\/2016\/03\/Pelea-3-560x420.jpg 560w\" sizes=\"auto, (max-width: 2576px) 100vw, 2576px\" \/><\/p>\n<p>Terminaba el primer tiempo y la emoci\u00f3n se traslad\u00f3 a la zona m\u00e1s \u201cexclusiva\u201d del estadio. Ah\u00ed hinchas hispanos y azules se trenzaban en una discusi\u00f3n, que termin\u00f3 en intercambio de insultos e intentos de agresi\u00f3n f\u00edsica entre los p\u00fagiles. Tras la llegada de Carabineros, el representante de la \u201cU\u201d fue detenido, por lo que asegur\u00f3 el comandante a cargo fue \u201cun intento de agresi\u00f3n contra otro hincha\u201d. Finalmente, la pelea termin\u00f3\u00a0como en la cancha: Empate, ambos declarando en la 9\u00b0 Comisar\u00eda.<\/p>\n","protected":false},"excerpt":{"rendered":"<p>Hoy nace nuestra nueva secci\u00f3n que quiere contarles detalles de lo que las c\u00e1maras de canal Premium no les mostraron. Problemas de acceso, ba\u00f1os \u201cpenitenciarios\u201d y la recuperaci\u00f3n de Guzm\u00e1n Pereira dan la partida.<\/p>\n","protected":false},"author":21382,"featured_media":8683,"comment_status":"closed","ping_status":"open","sticky":false,"template":"","format":"standard","meta":{"footnotes":""},"categories":[18],"tags":[454,399,586,585,520,588,582,54,104,248,584,41,583,587,157,53,75],"class_list":{"0":"post-8679","1":"post","2":"type-post","3":"status-publish","4":"format-standard","5":"has-post-thumbnail","7":"category-actualidad","8":"tag-actualidad","9":"tag-azules","10":"tag-banos","11":"tag-carabineros","12":"tag-cdf","13":"tag-comisaria","14":"tag-el-termito","15":"tag-estadio-santa-laura","16":"tag-estadio-seguro","18":"tag-hispanos","19":"tag-johnny-herrera","20":"tag-juan-antonio-pizzi","21":"tag-mala-organizacion","22":"tag-portada","23":"tag-seleccion-chilena","24":"tag-trastienda"},"_links":{"self":[{"href":"http:\/\/www.rincondelbulla.cl\/portal\/wp-json\/wp\/v2\/posts\/8679","targetHints":{"allow":["GET"]}}],"collection":[{"href":"http:\/\/www.rincondelbulla.cl\/portal\/wp-json\/wp\/v2\/posts"}],"about":[{"href":"http:\/\/www.rincondelbulla.cl\/portal\/wp-json\/wp\/v2\/types\/post"}],"author":[{"embeddable":true,"href":"http:\/\/www.rincondelbulla.cl\/portal\/wp-json\/wp\/v2\/users\/21382"}],"replies":[{"embeddable":true,"href":"http:\/\/www.rincondelbulla.cl\/portal\/wp-json\/wp\/v2\/comments?post=8679"}],"version-history":[{"count":1,"href":"http:\/\/www.rincondelbulla.cl\/portal\/wp-json\/wp\/v2\/posts\/8679\/revisions"}],"predecessor-version":[{"id":8691,"href":"http:\/\/www.rincondelbulla.cl\/portal\/wp-json\/wp\/v2\/posts\/8679\/revisions\/8691"}],"wp:featuredmedia":[{"embeddable":true,"href":"http:\/\/www.rincondelbulla.cl\/portal\/wp-json\/wp\/v2\/media\/8683"}],"wp:attachment":[{"href":"http:\/\/www.rincondelbulla.cl\/portal\/wp-json\/wp\/v2\/media?parent=8679"}],"wp:term":[{"taxonomy":"category","embeddable":true,"href":"http:\/\/www.rincondelbulla.cl\/portal\/wp-json\/wp\/v2\/categories?post=8679"},{"taxonomy":"post_tag","embeddable":true,"href":"http:\/\/www.rincondelbulla.cl\/portal\/wp-json\/wp\/v2\/tags?post=8679"}],"curies":[{"name":"wp","href":"https:\/\/api.w.org\/{rel}","templated":true}]}}