{"id":8697,"date":"2016-03-07T11:24:32","date_gmt":"2016-03-07T14:24:32","guid":{"rendered":"http:\/\/www.rincondelbulla.cl\/portal\/?p=8697"},"modified":"2016-03-07T13:39:09","modified_gmt":"2016-03-07T16:39:09","slug":"dispar-suerte-corrieron-los-azules-en-el-extranjero","status":"publish","type":"post","link":"http:\/\/www.rincondelbulla.cl\/portal\/2016\/03\/07\/dispar-suerte-corrieron-los-azules-en-el-extranjero\/","title":{"rendered":"Dispar suerte corrieron los azules en el extranjero"},"content":{"rendered":"<figure id=\"attachment_8715\" aria-describedby=\"caption-attachment-8715\" style=\"width: 1100px\" class=\"wp-caption aligncenter\"><img loading=\"lazy\" decoding=\"async\" class=\"size-full wp-image-8715\" src=\"http:\/\/www.rincondelbulla.cl\/portal\/wp-content\/uploads\/2016\/03\/eduardo-vargas.jpg\" alt=\"Vargas jug\u00f3 en derrota del Hoffenheim\" width=\"1100\" height=\"733\" srcset=\"http:\/\/www.rincondelbulla.cl\/portal\/wp-content\/uploads\/2016\/03\/eduardo-vargas.jpg 1100w, http:\/\/www.rincondelbulla.cl\/portal\/wp-content\/uploads\/2016\/03\/eduardo-vargas-300x200.jpg 300w, http:\/\/www.rincondelbulla.cl\/portal\/wp-content\/uploads\/2016\/03\/eduardo-vargas-768x512.jpg 768w, http:\/\/www.rincondelbulla.cl\/portal\/wp-content\/uploads\/2016\/03\/eduardo-vargas-696x464.jpg 696w, http:\/\/www.rincondelbulla.cl\/portal\/wp-content\/uploads\/2016\/03\/eduardo-vargas-1068x712.jpg 1068w, http:\/\/www.rincondelbulla.cl\/portal\/wp-content\/uploads\/2016\/03\/eduardo-vargas-630x420.jpg 630w\" sizes=\"auto, (max-width: 1100px) 100vw, 1100px\" \/><figcaption id=\"caption-attachment-8715\" class=\"wp-caption-text\">Vargas jug\u00f3 en derrota del Hoffenheim<\/figcaption><\/figure>\n<p><strong>En un nuevo fin de semana de f\u00fatbol, varios ex azules tuvieron acci\u00f3n en sus respectivos equipos por el mundo.<\/strong><!--more--><\/p>\n<p>En Croacia, <strong>\u00c1ngelo Henr\u00edquez<\/strong>, del D\u00ednamo de Zagreb protagoniz\u00f3 solo 14 minutos en el triunfo de su equipo ante el Slaven Kropivinica por 2 a 1. <strong>Junior Fern\u00e1ndez<\/strong> \u00a0fue suplente todo el partido.<\/p>\n<p>El ascenso Mexicano nos presentaba el duelo de chilenos. Se enfrentaban el Necaxa de <strong>Marcos Gonz\u00e1lez<\/strong> y <strong>Luis Felipe Gallegos<\/strong> ante el Cafetaleros de Tapachula, integrado por <strong>Isaac D\u00edaz<\/strong> y <strong>Miguel Pinto<\/strong>. Necaxa gan\u00f3 1 a 0.<br \/>\nGonz\u00e1lez jugo todo el partido, mientras Gallegos ingres\u00f3 a los 82 minutos. En los Cafetaleros, Pinto fue titular y el \u201cTorito de Fresia\u201d ingres\u00f3 a los 76.<\/p>\n<p><img loading=\"lazy\" decoding=\"async\" class=\"wp-image-8698 alignleft\" src=\"http:\/\/www.rincondelbulla.cl\/portal\/wp-content\/uploads\/2016\/03\/1455537602-joserojas.jpg\" alt=\"1455537602-joserojas\" width=\"385\" height=\"217\" srcset=\"http:\/\/www.rincondelbulla.cl\/portal\/wp-content\/uploads\/2016\/03\/1455537602-joserojas.jpg 1200w, http:\/\/www.rincondelbulla.cl\/portal\/wp-content\/uploads\/2016\/03\/1455537602-joserojas-300x169.jpg 300w, http:\/\/www.rincondelbulla.cl\/portal\/wp-content\/uploads\/2016\/03\/1455537602-joserojas-768x432.jpg 768w, http:\/\/www.rincondelbulla.cl\/portal\/wp-content\/uploads\/2016\/03\/1455537602-joserojas-696x392.jpg 696w, http:\/\/www.rincondelbulla.cl\/portal\/wp-content\/uploads\/2016\/03\/1455537602-joserojas-1068x601.jpg 1068w, http:\/\/www.rincondelbulla.cl\/portal\/wp-content\/uploads\/2016\/03\/1455537602-joserojas-747x420.jpg 747w\" sizes=\"auto, (max-width: 385px) 100vw, 385px\" \/>En Argentina, <strong>Jos\u00e9 Rojas<\/strong> quien jug\u00f3 los 90 minutos y tuvo un buen cometido por su equipo Belgrano, que se impuso 3-0 a Sarmiento. Con esto los \u201cpiratas\u201d alcanzaron la novena posici\u00f3n en la zona A con siete puntos.<\/p>\n<p><strong>Eugenio Mena<\/strong> particip\u00f3 solo 70 minutos en la derrota 3 a 1 del Sao Paulo ante el Sao Bernardo por el campeonato Brasile\u00f1o. Mena ya se enfoca en el encuentro del d\u00eda mi\u00e9rcoles por la Copa Libertadores, donde los Cariocas enfrentar\u00e1n en Buenos Aires a River Plate.<\/p>\n<p>Por la liga BBVA, <strong>Marcelo D\u00edaz<\/strong> sufri\u00f3 una bochornosa derrota ante el Real Madrid por 7 goles a 1, en el que \u201cCare Pato\u201d jug\u00f3 el partido completo. Con esta derrota Celta peligra su permanencia en los puestos de Europa League.<\/p>\n<p><strong>Eduardo Vargas<\/strong>, quien milita en el Hoffenheim de Alemania, ingres\u00f3 en los \u00faltimos 45\u2019de partido, cayendo nuevamente, esta vez frente Stuttgart por 5 a 1, lo que complica su estancia en la Bundesliga.<\/p>\n","protected":false},"excerpt":{"rendered":"<p>En un nuevo fin de semana de f\u00fatbol, varios ex azules tuvieron acci\u00f3n en sus respectivos equipos por el mundo.<\/p>\n","protected":false},"author":21386,"featured_media":8715,"comment_status":"closed","ping_status":"open","sticky":false,"template":"","format":"standard","meta":{"footnotes":""},"categories":[18],"tags":[454,55,590],"class_list":{"0":"post-8697","1":"post","2":"type-post","3":"status-publish","4":"format-standard","5":"has-post-thumbnail","7":"category-actualidad","8":"tag-actualidad","9":"tag-azules-por-el-mundo","10":"tag-ex-azules"},"_links":{"self":[{"href":"http:\/\/www.rincondelbulla.cl\/portal\/wp-json\/wp\/v2\/posts\/8697","targetHints":{"allow":["GET"]}}],"collection":[{"href":"http:\/\/www.rincondelbulla.cl\/portal\/wp-json\/wp\/v2\/posts"}],"about":[{"href":"http:\/\/www.rincondelbulla.cl\/portal\/wp-json\/wp\/v2\/types\/post"}],"author":[{"embeddable":true,"href":"http:\/\/www.rincondelbulla.cl\/portal\/wp-json\/wp\/v2\/users\/21386"}],"replies":[{"embeddable":true,"href":"http:\/\/www.rincondelbulla.cl\/portal\/wp-json\/wp\/v2\/comments?post=8697"}],"version-history":[{"count":3,"href":"http:\/\/www.rincondelbulla.cl\/portal\/wp-json\/wp\/v2\/posts\/8697\/revisions"}],"predecessor-version":[{"id":8717,"href":"http:\/\/www.rincondelbulla.cl\/portal\/wp-json\/wp\/v2\/posts\/8697\/revisions\/8717"}],"wp:featuredmedia":[{"embeddable":true,"href":"http:\/\/www.rincondelbulla.cl\/portal\/wp-json\/wp\/v2\/media\/8715"}],"wp:attachment":[{"href":"http:\/\/www.rincondelbulla.cl\/portal\/wp-json\/wp\/v2\/media?parent=8697"}],"wp:term":[{"taxonomy":"category","embeddable":true,"href":"http:\/\/www.rincondelbulla.cl\/portal\/wp-json\/wp\/v2\/categories?post=8697"},{"taxonomy":"post_tag","embeddable":true,"href":"http:\/\/www.rincondelbulla.cl\/portal\/wp-json\/wp\/v2\/tags?post=8697"}],"curies":[{"name":"wp","href":"https:\/\/api.w.org\/{rel}","templated":true}]}}