{"id":8793,"date":"2016-03-10T14:15:08","date_gmt":"2016-03-10T17:15:08","guid":{"rendered":"http:\/\/www.rincondelbulla.cl\/portal\/?p=8793"},"modified":"2016-03-10T16:07:11","modified_gmt":"2016-03-10T19:07:11","slug":"la-u-recupera-a-carmona-que-ya-trabaja-con-normalidad","status":"publish","type":"post","link":"http:\/\/www.rincondelbulla.cl\/portal\/2016\/03\/10\/la-u-recupera-a-carmona-que-ya-trabaja-con-normalidad\/","title":{"rendered":"La &#8216;U&#8217; recupera a Carmona que ya trabaja con normalidad"},"content":{"rendered":"<p><strong>El juvenil que sufriera una rotura de ligamento cruzado seis meses atr\u00e1s ha tenido una recuperaci\u00f3n milagrosa y espera volver. Hoy en conferencia en el CDA, Carmona adem\u00e1s se refiri\u00f3 al actual momento azul y en lo que est\u00e1 por venir.<\/strong><\/p>\n<p><!--more--><\/p>\n<p><strong>Su regreso: <\/strong>Hace varias semanas que vengo entrenado normalmente con el equipo. Ma\u00f1ana tengo la \u00faltima evaluaci\u00f3n y depende de como resulte podr\u00e9 estar para el fin de semana. S\u00e9 que estoy un poco en desventaja por los seis meses de recuperaci\u00f3n, pero me he sentido bien, s\u00f3lo me falta trabajar la potencia y velocidad.<\/p>\n<p><strong>El momento azul:<\/strong> Han sido momentos dif\u00edciles, las cosas no han salido como quer\u00edamos, pero hemos ido mejorando, como grupo estamos mas unidos que nunca, pese a que han salido cosas que quieren da\u00f1arnos. Cuando est\u00e1 dif\u00edcil es cuando m\u00e1s te quieren derribar, pero estamos con la mente puesta en el equipo.<\/p>\n<p><strong>Sobre U. de Conce.: <\/strong>Tiene jugadores desequilibrantes, delanteros que se mueven muy bien. Estamos trabajando durante la semana en c\u00f3mo podemos hacerles m\u00e1s da\u00f1o.\u00a0Nos interesa s\u00f3lo la &#8216;U de Conce&#8217; y el lunes nos meteremos en otro partido.<\/p>\n<p>Cabe destacar que la Universidad de Chile recibir\u00e1 a U. de Concepci\u00f3n el pr\u00f3ximo domingo a las 19:30 horas en el Estadio Nacional.<\/p>\n","protected":false},"excerpt":{"rendered":"<p>El juvenil que sufriera una rotura de ligamento cruzado seis meses atr\u00e1s ha tenido una recuperaci\u00f3n milagrosa y espera volver. Hoy en conferencia en el CDA, Carmona adem\u00e1s se refiri\u00f3 al actual momento azul y en lo que est\u00e1 por venir.<\/p>\n","protected":false},"author":21383,"featured_media":8811,"comment_status":"closed","ping_status":"open","sticky":false,"template":"","format":"video","meta":{"footnotes":""},"categories":[18],"tags":[454,513,209,416,157],"class_list":{"0":"post-8793","1":"post","2":"type-post","3":"status-publish","4":"format-video","5":"has-post-thumbnail","7":"category-actualidad","8":"tag-actualidad","9":"tag-clausura-2015-2016","10":"tag-conferencia-de-prensa","11":"tag-fabian-carmona","12":"tag-portada","13":"post_format-post-format-video"},"_links":{"self":[{"href":"http:\/\/www.rincondelbulla.cl\/portal\/wp-json\/wp\/v2\/posts\/8793","targetHints":{"allow":["GET"]}}],"collection":[{"href":"http:\/\/www.rincondelbulla.cl\/portal\/wp-json\/wp\/v2\/posts"}],"about":[{"href":"http:\/\/www.rincondelbulla.cl\/portal\/wp-json\/wp\/v2\/types\/post"}],"author":[{"embeddable":true,"href":"http:\/\/www.rincondelbulla.cl\/portal\/wp-json\/wp\/v2\/users\/21383"}],"replies":[{"embeddable":true,"href":"http:\/\/www.rincondelbulla.cl\/portal\/wp-json\/wp\/v2\/comments?post=8793"}],"version-history":[{"count":6,"href":"http:\/\/www.rincondelbulla.cl\/portal\/wp-json\/wp\/v2\/posts\/8793\/revisions"}],"predecessor-version":[{"id":8810,"href":"http:\/\/www.rincondelbulla.cl\/portal\/wp-json\/wp\/v2\/posts\/8793\/revisions\/8810"}],"wp:featuredmedia":[{"embeddable":true,"href":"http:\/\/www.rincondelbulla.cl\/portal\/wp-json\/wp\/v2\/media\/8811"}],"wp:attachment":[{"href":"http:\/\/www.rincondelbulla.cl\/portal\/wp-json\/wp\/v2\/media?parent=8793"}],"wp:term":[{"taxonomy":"category","embeddable":true,"href":"http:\/\/www.rincondelbulla.cl\/portal\/wp-json\/wp\/v2\/categories?post=8793"},{"taxonomy":"post_tag","embeddable":true,"href":"http:\/\/www.rincondelbulla.cl\/portal\/wp-json\/wp\/v2\/tags?post=8793"}],"curies":[{"name":"wp","href":"https:\/\/api.w.org\/{rel}","templated":true}]}}