{"id":8829,"date":"2016-03-11T12:26:42","date_gmt":"2016-03-11T15:26:42","guid":{"rendered":"http:\/\/www.rincondelbulla.cl\/portal\/?p=8829"},"modified":"2016-03-11T16:01:09","modified_gmt":"2016-03-11T19:01:09","slug":"beccacece-confirma-sancion-a-valencia-por-ahora-no-sera-considerado","status":"publish","type":"post","link":"http:\/\/www.rincondelbulla.cl\/portal\/2016\/03\/11\/beccacece-confirma-sancion-a-valencia-por-ahora-no-sera-considerado\/","title":{"rendered":"Beccacece confirma sanci\u00f3n a Valencia: \u00abPor ahora no ser\u00e1 considerado\u00bb"},"content":{"rendered":"<p><strong>El T\u00e9cnico de Universidad de Chile se refiri\u00f3 a la situaci\u00f3n que aqueja al volante azul Leonardo Valencia y confirma que el jugador \u00abse equivoc\u00f3\u00bb.<\/strong><\/p>\n<p><!--more--><\/p>\n<p>En la U las aguas est\u00e1n lejos de calmarse, la situaci\u00f3n protagonizada por Leonardo Valencia el partido \u00abamateur\u00bb que disput\u00f3 con amigos y familiares trajeron otro dolor de cabeza al t\u00e9cnico del Rom\u00e1ntico Viajero que s\u00f3lo piensa en ganar su pr\u00f3ximo partido ante Universidad de Concepci\u00f3n.<\/p>\n<p>Beccacece reconoci\u00f3 que Valencia le habl\u00f3 del partido de la pol\u00e9mica, \u00ab<strong>Leo es un buen chico, se equivoc\u00f3, y no pasa m\u00e1s de eso. Por ahora no ser\u00e1 considerado para las citaciones<\/strong>\u00ab, se\u00f1al\u00f3. Aunque tambi\u00e9n le quito gravedad al asunto, \u00ab<strong>es parte de la vida, el tema est\u00e1 en saber que cuando uno se equivoca, hay que aceptarlo<\/strong>\u00ab.<\/p>\n<p><strong>Nivel de la U<\/strong>: Venimos de dos semana en alza, desde el rendimiento, funcionamiento colectivo, eso nos tiene ilusionados.<\/p>\n<p><strong>Pr\u00f3ximo rival<\/strong>: Viene en alza, es un equipo que va a jugar pensando en el arco de al frente\u00a0que en el \u00a0propio. Tenemos que ser capaces de tener la lucidez para llevar el bal\u00f3n donde m\u00e1s nos conviene.<\/p>\n<p><strong>Gustavo Canales<\/strong>: Tuvo una semana diferenciada. Es una baja para nosotros muy importante y sensible.<\/p>\n<p><strong>Patricio Rubio<\/strong>:\u00a0\u00c9l llega temprano y hay una sensaci\u00f3n de bronca, m\u00eda, como conductor, de que \u00e9l en el campo pueda trasladar lo que hace en la semana.<\/p>\n<p><strong>Reemplazante de C<\/strong><strong>anales<\/strong>: Hemos probado diferentes formas. Jugadores de \u00e1rea, jugadores profundos. Ah\u00ed veremos, cuando lo tenga claro lo dar\u00e9 a conocer.<\/p>\n<p><strong>Relaci\u00f3n Hincha equipo<\/strong>:\u00a0A los jugadores les gusta sentir la pasi\u00f3n que transmiten los hinchas en las gradas<\/p>\n<p><strong>Supercl\u00e1sico<\/strong>: Nosotros estamos enfocados en esta semana.<\/p>\n<p><strong>Situaci\u00f3n con Pelusso<\/strong>: No me gustan las pol\u00e9micas, me gusta el trabajo.<\/p>\n","protected":false},"excerpt":{"rendered":"<p>El T\u00e9cnico de Universidad de Chile se refiri\u00f3 a la situaci\u00f3n que aqueja al volante azul Leonardo Valencia y confirma que el jugador \u00abse equivoc\u00f3\u00bb.<\/p>\n","protected":false},"author":56,"featured_media":8645,"comment_status":"closed","ping_status":"open","sticky":false,"template":"","format":"video","meta":{"footnotes":""},"categories":[18],"tags":[454,513,209,114],"class_list":{"0":"post-8829","1":"post","2":"type-post","3":"status-publish","4":"format-video","5":"has-post-thumbnail","7":"category-actualidad","8":"tag-actualidad","9":"tag-clausura-2015-2016","10":"tag-conferencia-de-prensa","11":"tag-sebastian-becaccece","12":"post_format-post-format-video"},"_links":{"self":[{"href":"http:\/\/www.rincondelbulla.cl\/portal\/wp-json\/wp\/v2\/posts\/8829","targetHints":{"allow":["GET"]}}],"collection":[{"href":"http:\/\/www.rincondelbulla.cl\/portal\/wp-json\/wp\/v2\/posts"}],"about":[{"href":"http:\/\/www.rincondelbulla.cl\/portal\/wp-json\/wp\/v2\/types\/post"}],"author":[{"embeddable":true,"href":"http:\/\/www.rincondelbulla.cl\/portal\/wp-json\/wp\/v2\/users\/56"}],"replies":[{"embeddable":true,"href":"http:\/\/www.rincondelbulla.cl\/portal\/wp-json\/wp\/v2\/comments?post=8829"}],"version-history":[{"count":6,"href":"http:\/\/www.rincondelbulla.cl\/portal\/wp-json\/wp\/v2\/posts\/8829\/revisions"}],"predecessor-version":[{"id":8853,"href":"http:\/\/www.rincondelbulla.cl\/portal\/wp-json\/wp\/v2\/posts\/8829\/revisions\/8853"}],"wp:featuredmedia":[{"embeddable":true,"href":"http:\/\/www.rincondelbulla.cl\/portal\/wp-json\/wp\/v2\/media\/8645"}],"wp:attachment":[{"href":"http:\/\/www.rincondelbulla.cl\/portal\/wp-json\/wp\/v2\/media?parent=8829"}],"wp:term":[{"taxonomy":"category","embeddable":true,"href":"http:\/\/www.rincondelbulla.cl\/portal\/wp-json\/wp\/v2\/categories?post=8829"},{"taxonomy":"post_tag","embeddable":true,"href":"http:\/\/www.rincondelbulla.cl\/portal\/wp-json\/wp\/v2\/tags?post=8829"}],"curies":[{"name":"wp","href":"https:\/\/api.w.org\/{rel}","templated":true}]}}