{"id":8855,"date":"2016-03-11T17:29:33","date_gmt":"2016-03-11T20:29:33","guid":{"rendered":"http:\/\/www.rincondelbulla.cl\/portal\/?p=8855"},"modified":"2016-03-11T20:23:00","modified_gmt":"2016-03-11T23:23:00","slug":"joven-promesa-azul-reemplazara-a-rubio-en-el-ataque","status":"publish","type":"post","link":"http:\/\/www.rincondelbulla.cl\/portal\/2016\/03\/11\/joven-promesa-azul-reemplazara-a-rubio-en-el-ataque\/","title":{"rendered":"Joven promesa azul reemplazar\u00e1 a Rubio en el ataque"},"content":{"rendered":"<figure id=\"attachment_8856\" aria-describedby=\"caption-attachment-8856\" style=\"width: 1000px\" class=\"wp-caption aligncenter\"><img loading=\"lazy\" decoding=\"async\" class=\"size-full wp-image-8856\" src=\"http:\/\/www.rincondelbulla.cl\/portal\/wp-content\/uploads\/2016\/03\/Lobos.jpg\" alt=\"Foto: ANFP\" width=\"1000\" height=\"667\" srcset=\"http:\/\/www.rincondelbulla.cl\/portal\/wp-content\/uploads\/2016\/03\/Lobos.jpg 1000w, http:\/\/www.rincondelbulla.cl\/portal\/wp-content\/uploads\/2016\/03\/Lobos-300x200.jpg 300w, http:\/\/www.rincondelbulla.cl\/portal\/wp-content\/uploads\/2016\/03\/Lobos-768x512.jpg 768w, http:\/\/www.rincondelbulla.cl\/portal\/wp-content\/uploads\/2016\/03\/Lobos-696x464.jpg 696w, http:\/\/www.rincondelbulla.cl\/portal\/wp-content\/uploads\/2016\/03\/Lobos-630x420.jpg 630w\" sizes=\"auto, (max-width: 1000px) 100vw, 1000px\" \/><figcaption id=\"caption-attachment-8856\" class=\"wp-caption-text\">Foto: ANFP<\/figcaption><\/figure>\n<p><strong>Al parecer Patricio Rubio dej\u00f3 de convencer a Sebasti\u00e1n Beccacece para la oncena titular. La falta de gol le pasar\u00eda la cuenta al delantero.<\/strong><!--more--><\/p>\n<p>El d\u00eda de hoy (viernes) durante los entrenamientos en el CDA se puedo a ver al joven delantero Franco Lobos en la oncena titular, todo indicar\u00eda que \u00e9ste reemplazar\u00e1 a Patricio Rubio en el arranque ante Universidad de Concepci\u00f3n.<\/p>\n<p>La falta de gol de Patricio Rubio tiene muy enojados a los hinchas azules que partido a partido le fustigan al delantero su poco compromiso con la camiseta azul.<\/p>\n<p>Pese a que Beccacece respaldo el actuar del delantero, todo parace indicar que la paciencia del t\u00e9cnico argentino se acab\u00f3 y buscar\u00e1 en el joven Lobos los goles que tanta falta le hacen a la U.<\/p>\n<p>As\u00ed el Rom\u00e1ntico Viajero formar\u00eda de la siguiente manera ante los del Campanil:\u00a0<strong>Herrera; Rodr\u00edguez, Gonz\u00e1lez, Jara, Monz\u00f3n; Espinoza, Corujo, Lorenzetti, Fari\u00f1a; Ubilla y Lobos.<\/strong><\/p>\n","protected":false},"excerpt":{"rendered":"<p>Al parecer Patricio Rubio dej\u00f3 de convencer a Sebasti\u00e1n Beccacece para la oncena titular. La falta de gol le pasar\u00eda la cuenta al delantero.<\/p>\n","protected":false},"author":56,"featured_media":8856,"comment_status":"closed","ping_status":"open","sticky":false,"template":"","format":"standard","meta":{"footnotes":""},"categories":[18],"tags":[454,513,623,157,156],"class_list":{"0":"post-8855","1":"post","2":"type-post","3":"status-publish","4":"format-standard","5":"has-post-thumbnail","7":"category-actualidad","8":"tag-actualidad","9":"tag-clausura-2015-2016","10":"tag-franco-lobos","11":"tag-portada","12":"tag-universidad-de-chile"},"_links":{"self":[{"href":"http:\/\/www.rincondelbulla.cl\/portal\/wp-json\/wp\/v2\/posts\/8855","targetHints":{"allow":["GET"]}}],"collection":[{"href":"http:\/\/www.rincondelbulla.cl\/portal\/wp-json\/wp\/v2\/posts"}],"about":[{"href":"http:\/\/www.rincondelbulla.cl\/portal\/wp-json\/wp\/v2\/types\/post"}],"author":[{"embeddable":true,"href":"http:\/\/www.rincondelbulla.cl\/portal\/wp-json\/wp\/v2\/users\/56"}],"replies":[{"embeddable":true,"href":"http:\/\/www.rincondelbulla.cl\/portal\/wp-json\/wp\/v2\/comments?post=8855"}],"version-history":[{"count":2,"href":"http:\/\/www.rincondelbulla.cl\/portal\/wp-json\/wp\/v2\/posts\/8855\/revisions"}],"predecessor-version":[{"id":8858,"href":"http:\/\/www.rincondelbulla.cl\/portal\/wp-json\/wp\/v2\/posts\/8855\/revisions\/8858"}],"wp:featuredmedia":[{"embeddable":true,"href":"http:\/\/www.rincondelbulla.cl\/portal\/wp-json\/wp\/v2\/media\/8856"}],"wp:attachment":[{"href":"http:\/\/www.rincondelbulla.cl\/portal\/wp-json\/wp\/v2\/media?parent=8855"}],"wp:term":[{"taxonomy":"category","embeddable":true,"href":"http:\/\/www.rincondelbulla.cl\/portal\/wp-json\/wp\/v2\/categories?post=8855"},{"taxonomy":"post_tag","embeddable":true,"href":"http:\/\/www.rincondelbulla.cl\/portal\/wp-json\/wp\/v2\/tags?post=8855"}],"curies":[{"name":"wp","href":"https:\/\/api.w.org\/{rel}","templated":true}]}}