{"id":8881,"date":"2016-03-14T00:23:33","date_gmt":"2016-03-14T03:23:33","guid":{"rendered":"http:\/\/www.rincondelbulla.cl\/portal\/?p=8881"},"modified":"2016-03-15T20:50:54","modified_gmt":"2016-03-15T23:50:54","slug":"universidad-de-chile-recibe-un-nuevo-super-clasico","status":"publish","type":"post","link":"http:\/\/www.rincondelbulla.cl\/portal\/2016\/03\/14\/universidad-de-chile-recibe-un-nuevo-super-clasico\/","title":{"rendered":"Universidad de Chile recibe un nuevo Supercl\u00e1sico"},"content":{"rendered":"<figure id=\"attachment_8656\" aria-describedby=\"caption-attachment-8656\" style=\"width: 1100px\" class=\"wp-caption alignnone\"><img loading=\"lazy\" decoding=\"async\" class=\"size-full wp-image-8656\" src=\"http:\/\/www.rincondelbulla.cl\/portal\/wp-content\/uploads\/2016\/03\/Plantelcla16-2.jpg\" alt=\"Plantel Clausura '16 - Foto: Patricio Gonz\u00e1lez\" width=\"1100\" height=\"733\" srcset=\"http:\/\/www.rincondelbulla.cl\/portal\/wp-content\/uploads\/2016\/03\/Plantelcla16-2.jpg 1100w, http:\/\/www.rincondelbulla.cl\/portal\/wp-content\/uploads\/2016\/03\/Plantelcla16-2-300x200.jpg 300w, http:\/\/www.rincondelbulla.cl\/portal\/wp-content\/uploads\/2016\/03\/Plantelcla16-2-768x512.jpg 768w, http:\/\/www.rincondelbulla.cl\/portal\/wp-content\/uploads\/2016\/03\/Plantelcla16-2-696x464.jpg 696w, http:\/\/www.rincondelbulla.cl\/portal\/wp-content\/uploads\/2016\/03\/Plantelcla16-2-1068x712.jpg 1068w, http:\/\/www.rincondelbulla.cl\/portal\/wp-content\/uploads\/2016\/03\/Plantelcla16-2-630x420.jpg 630w\" sizes=\"auto, (max-width: 1100px) 100vw, 1100px\" \/><figcaption id=\"caption-attachment-8656\" class=\"wp-caption-text\">Plantel Clausura &#8217;16 &#8211; Foto: Patricio Gonz\u00e1lez<\/figcaption><\/figure>\n<p><strong>En la fecha pasada los azules recibieron a la U. de Conce en el Estadio Nacional por la novena fecha del Torneo de Clausura. El cuadro del campanil se impuso con un 3-1 y dej\u00f3 a los azules en el noveno puesto con 11 puntos.<\/strong><!--more--><\/p>\n<p>El marcador del partido se abri\u00f3 de forma temprana, Gabriel Vargas fue el encargado de convertir en dos ocasiones, mientras que Fernando Manr\u00edquez marc\u00f3 el tercero con un fortuito remate. Por su parte la \u201cU\u201d logr\u00f3 el descuento mediante Patricio Rubio, qui\u00e9n saldr\u00eda minutos despu\u00e9s debido a la dislocaci\u00f3n del codo.<\/p>\n<p>De esta forma, los azules se preparan para nuevo \u00a0Supercl\u00e1sico a disputarse este 20 de marzo en el Estadio Nacional. El equipo dirigido por Beccacece buscar\u00e1 repuntar en el Torneo ante su cl\u00e1sico rival del f\u00fatbol chileno.<\/p>\n<p>La pr\u00f3xima fecha, se llevar\u00e1 a cabo de la siguiente forma:<\/p>\n<p><strong>Viernes 18 de Marzo<\/strong><\/p>\n<p>O\u2019Higgins vs Uni\u00f3n Espa\u00f1ola \u00a020:30 hrs.<\/p>\n<p><strong>S\u00e1bado 19 de Marzo:<\/strong><\/p>\n<p>Universidad Cat\u00f3lica vs Palestino 17:00 hrs.<br \/>\nDeportes Iquique vs Deportes Antofagasta 19:30 hrs.<br \/>\nUniversidad de Concepci\u00f3n vs Audax Italiano 22:00 hrs.<\/p>\n<p><strong>Domingo 20 de marzo:<\/strong><\/p>\n<p>Universidad de Chile vs Colo Colo 12:30 hrs. Estadio Nacional<br \/>\nSan Luis vs San Marcos de Arica 17:00 hrs.<br \/>\nCobresal vs Uni\u00f3n la Calera 22:00 hrs.<\/p>\n","protected":false},"excerpt":{"rendered":"<p>En la fecha pasada los azules recibieron a la U. de Conce en el Estadio Nacional por la novena fecha del Torneo de Clausura. El cuadro del campanil se impuso con un 3-1 y dej\u00f3 a los azules en el noveno puesto con 11 puntos.<\/p>\n","protected":false},"author":21385,"featured_media":8656,"comment_status":"closed","ping_status":"open","sticky":false,"template":"","format":"standard","meta":{"footnotes":""},"categories":[18],"tags":[454,513,502,59,197],"class_list":{"0":"post-8881","1":"post","2":"type-post","3":"status-publish","4":"format-standard","5":"has-post-thumbnail","7":"category-actualidad","8":"tag-actualidad","9":"tag-clausura-2015-2016","10":"tag-colo-colo","11":"tag-programacion","12":"tag-udechile"},"_links":{"self":[{"href":"http:\/\/www.rincondelbulla.cl\/portal\/wp-json\/wp\/v2\/posts\/8881","targetHints":{"allow":["GET"]}}],"collection":[{"href":"http:\/\/www.rincondelbulla.cl\/portal\/wp-json\/wp\/v2\/posts"}],"about":[{"href":"http:\/\/www.rincondelbulla.cl\/portal\/wp-json\/wp\/v2\/types\/post"}],"author":[{"embeddable":true,"href":"http:\/\/www.rincondelbulla.cl\/portal\/wp-json\/wp\/v2\/users\/21385"}],"replies":[{"embeddable":true,"href":"http:\/\/www.rincondelbulla.cl\/portal\/wp-json\/wp\/v2\/comments?post=8881"}],"version-history":[{"count":4,"href":"http:\/\/www.rincondelbulla.cl\/portal\/wp-json\/wp\/v2\/posts\/8881\/revisions"}],"predecessor-version":[{"id":8926,"href":"http:\/\/www.rincondelbulla.cl\/portal\/wp-json\/wp\/v2\/posts\/8881\/revisions\/8926"}],"wp:featuredmedia":[{"embeddable":true,"href":"http:\/\/www.rincondelbulla.cl\/portal\/wp-json\/wp\/v2\/media\/8656"}],"wp:attachment":[{"href":"http:\/\/www.rincondelbulla.cl\/portal\/wp-json\/wp\/v2\/media?parent=8881"}],"wp:term":[{"taxonomy":"category","embeddable":true,"href":"http:\/\/www.rincondelbulla.cl\/portal\/wp-json\/wp\/v2\/categories?post=8881"},{"taxonomy":"post_tag","embeddable":true,"href":"http:\/\/www.rincondelbulla.cl\/portal\/wp-json\/wp\/v2\/tags?post=8881"}],"curies":[{"name":"wp","href":"https:\/\/api.w.org\/{rel}","templated":true}]}}