{"id":8886,"date":"2016-03-14T00:58:10","date_gmt":"2016-03-14T03:58:10","guid":{"rendered":"http:\/\/www.rincondelbulla.cl\/portal\/?p=8886"},"modified":"2016-03-14T18:04:50","modified_gmt":"2016-03-14T21:04:50","slug":"verguenza-fue-la-palabra-mas-usada-en-camarines-tras-la-derrota","status":"publish","type":"post","link":"http:\/\/www.rincondelbulla.cl\/portal\/2016\/03\/14\/verguenza-fue-la-palabra-mas-usada-en-camarines-tras-la-derrota\/","title":{"rendered":"\u00abVerg\u00fcenza\u00bb fue la palabra m\u00e1s usada en camarines tras la derrota"},"content":{"rendered":"<figure id=\"attachment_8949\" aria-describedby=\"caption-attachment-8949\" style=\"width: 1100px\" class=\"wp-caption aligncenter\"><img loading=\"lazy\" decoding=\"async\" class=\"wp-image-8949 size-full\" src=\"http:\/\/www.rincondelbulla.cl\/portal\/wp-content\/uploads\/2016\/03\/plantel-salida.jpg\" alt=\"\" width=\"1100\" height=\"733\" srcset=\"http:\/\/www.rincondelbulla.cl\/portal\/wp-content\/uploads\/2016\/03\/plantel-salida.jpg 1100w, http:\/\/www.rincondelbulla.cl\/portal\/wp-content\/uploads\/2016\/03\/plantel-salida-300x200.jpg 300w, http:\/\/www.rincondelbulla.cl\/portal\/wp-content\/uploads\/2016\/03\/plantel-salida-768x512.jpg 768w, http:\/\/www.rincondelbulla.cl\/portal\/wp-content\/uploads\/2016\/03\/plantel-salida-696x464.jpg 696w, http:\/\/www.rincondelbulla.cl\/portal\/wp-content\/uploads\/2016\/03\/plantel-salida-1068x712.jpg 1068w, http:\/\/www.rincondelbulla.cl\/portal\/wp-content\/uploads\/2016\/03\/plantel-salida-630x420.jpg 630w\" sizes=\"auto, (max-width: 1100px) 100vw, 1100px\" \/><figcaption id=\"caption-attachment-8949\" class=\"wp-caption-text\">En el plantel todos sentimos verg\u00fcenza, se\u00f1alo Herrera &#8211; Foto: Claudio C\u00e1ceres<\/figcaption><\/figure>\n<p><strong>Luego de la derrota frente a Universidad de Concepci\u00f3n, el t\u00e9cnico reconoci\u00f3 que \u00abDebemos mejorar en eso. Fuimos un equipo sin respuestas y desconcentrados. Me voy avergonzado. Hay que trabajar para mantener un nivel parejo\u00bb.<\/strong><!--more--><\/p>\n<p>En Conferencia de Prensa el T\u00e9cnico Azul coment\u00f3\u00a0la incomoda situaci\u00f3n en que se encuentra el equipo, a cinco puntos de los equipos del descenso. Era una situaci\u00f3n \u201cQue no le preocupaba, nosotros estamos pensando en el pr\u00f3ximo partido, debemos dar vuelta la p\u00e1gina, vamos a enfrentar a un Colo Colo muy bien posicionado\u201d<\/p>\n<p><img loading=\"lazy\" decoding=\"async\" class=\"alignright wp-image-8897 size-medium\" src=\"http:\/\/www.rincondelbulla.cl\/portal\/wp-content\/uploads\/2016\/03\/Disculpas-Becca-283x300.jpg\" alt=\"Disculpas Becca\" width=\"283\" height=\"300\" srcset=\"http:\/\/www.rincondelbulla.cl\/portal\/wp-content\/uploads\/2016\/03\/Disculpas-Becca-283x300.jpg 283w, http:\/\/www.rincondelbulla.cl\/portal\/wp-content\/uploads\/2016\/03\/Disculpas-Becca-768x814.jpg 768w, http:\/\/www.rincondelbulla.cl\/portal\/wp-content\/uploads\/2016\/03\/Disculpas-Becca-696x738.jpg 696w, http:\/\/www.rincondelbulla.cl\/portal\/wp-content\/uploads\/2016\/03\/Disculpas-Becca-396x420.jpg 396w, http:\/\/www.rincondelbulla.cl\/portal\/wp-content\/uploads\/2016\/03\/Disculpas-Becca.jpg 997w\" sizes=\"auto, (max-width: 283px) 100vw, 283px\" \/>Al ser consultado por errores t\u00e1cticos, el ex ayudante de Sampaoli los descart\u00f3, aludiendo que \u00abNo se puede hablar de errores estrat\u00e9gicos cuando te hacen dos goles producto de desconcentraciones y errores no forzados. La responsabilidad de que el equipo no funcione es m\u00eda. Pero los jugadores tambi\u00e9n tienen su cuota por no encontrar respuestas a los golpes\u00bb.<\/p>\n<p>En el camar\u00edn azul solo se vieron caras largas, y <strong>Johnny Herrera fue el \u00fanico jugador que sac\u00f3 la voz<\/strong>, asegurando que los del campanil \u201cHoy nos dieron una lecci\u00f3n de f\u00fatbol, jugaron muy bien y nosotros ayudamos con los errores, en mi caso fui responsable en dos goles\u201d.<\/p>\n<p>\u201cEn el plantel todos sentimos verg\u00fcenza, en el entretiempo hablamos de que deb\u00edamos mejorar en la segunda parte apelando al amor propio, mejoramos bastante pero no nos alcanz\u00f3 para m\u00e1s\u201d, coment\u00f3 el capit\u00e1n en referencia a las palabras del t\u00e9cnico.<\/p>\n<p>Herrera tambi\u00e9n tuvo palabras para el importante partido del domingo frente al archirrival.\u00a0\u201cHe llegado en situaciones mucho peores y he salido airoso, entramos once contra once y queremos ganar ese partido, por la gente y por nosotros mismos\u201d, sostuvo.<\/p>\n<p>Otra voz que se escucho en Radio Cooperativa fue la del vicepresidente, <strong>Mario Conca quien aseguro que Beccacece a\u00fan tiene el apoyo directivo<\/strong>, \u00abNo creo que sea la soluci\u00f3n (replantear la situaci\u00f3n del DT). Creo que estamos en una situaci\u00f3n de crisis, de muy mal rendimiento y tenemos que ver la manera de salir de esto\u00bb.<\/p>\n","protected":false},"excerpt":{"rendered":"<p>Luego de la derrota frente a Universidad de Concepci\u00f3n, el t\u00e9cnico reconoci\u00f3 que \u00abDebemos mejorar en eso. Fuimos un equipo sin respuestas y desconcentrados. Me voy avergonzado. Hay que trabajar para mantener un nivel parejo\u00bb.<\/p>\n","protected":false},"author":21381,"featured_media":8949,"comment_status":"closed","ping_status":"open","sticky":false,"template":"","format":"standard","meta":{"footnotes":""},"categories":[18],"tags":[454,513,91,114],"class_list":{"0":"post-8886","1":"post","2":"type-post","3":"status-publish","4":"format-standard","5":"has-post-thumbnail","7":"category-actualidad","8":"tag-actualidad","9":"tag-clausura-2015-2016","10":"tag-jhonny-herrera","11":"tag-sebastian-becaccece"},"_links":{"self":[{"href":"http:\/\/www.rincondelbulla.cl\/portal\/wp-json\/wp\/v2\/posts\/8886","targetHints":{"allow":["GET"]}}],"collection":[{"href":"http:\/\/www.rincondelbulla.cl\/portal\/wp-json\/wp\/v2\/posts"}],"about":[{"href":"http:\/\/www.rincondelbulla.cl\/portal\/wp-json\/wp\/v2\/types\/post"}],"author":[{"embeddable":true,"href":"http:\/\/www.rincondelbulla.cl\/portal\/wp-json\/wp\/v2\/users\/21381"}],"replies":[{"embeddable":true,"href":"http:\/\/www.rincondelbulla.cl\/portal\/wp-json\/wp\/v2\/comments?post=8886"}],"version-history":[{"count":10,"href":"http:\/\/www.rincondelbulla.cl\/portal\/wp-json\/wp\/v2\/posts\/8886\/revisions"}],"predecessor-version":[{"id":8950,"href":"http:\/\/www.rincondelbulla.cl\/portal\/wp-json\/wp\/v2\/posts\/8886\/revisions\/8950"}],"wp:featuredmedia":[{"embeddable":true,"href":"http:\/\/www.rincondelbulla.cl\/portal\/wp-json\/wp\/v2\/media\/8949"}],"wp:attachment":[{"href":"http:\/\/www.rincondelbulla.cl\/portal\/wp-json\/wp\/v2\/media?parent=8886"}],"wp:term":[{"taxonomy":"category","embeddable":true,"href":"http:\/\/www.rincondelbulla.cl\/portal\/wp-json\/wp\/v2\/categories?post=8886"},{"taxonomy":"post_tag","embeddable":true,"href":"http:\/\/www.rincondelbulla.cl\/portal\/wp-json\/wp\/v2\/tags?post=8886"}],"curies":[{"name":"wp","href":"https:\/\/api.w.org\/{rel}","templated":true}]}}