{"id":8972,"date":"2016-03-17T01:22:18","date_gmt":"2016-03-17T04:22:18","guid":{"rendered":"http:\/\/www.rincondelbulla.cl\/portal\/?p=8972"},"modified":"2016-03-17T01:22:18","modified_gmt":"2016-03-17T04:22:18","slug":"el-superclasico-que-marco-mi-vida-por-gabriel-vargas","status":"publish","type":"post","link":"http:\/\/www.rincondelbulla.cl\/portal\/2016\/03\/17\/el-superclasico-que-marco-mi-vida-por-gabriel-vargas\/","title":{"rendered":"\u00abEl Supercl\u00e1sico que marc\u00f3 mi vida\u00bb, por Gabriel Vargas."},"content":{"rendered":"<p><strong>Pese a no ser protagonista, el cl\u00e1sico del Apertura 2011 qued\u00f3 marcado en la mente del Gabriel Vargas. El delantero\u00a0cree que ese triunfo fue el inicio de la exitosa campa\u00f1a que ese a\u00f1o se coron\u00f3 con un bicampeonato y la obtenci\u00f3n de la Copa Sudamericana. Este es el recuerdo cl\u00e1sico del \u00abArc\u00e1ngel\u00a0del Gol\u00bb.<\/strong><!--more--><\/p>\n<figure id=\"attachment_8992\" aria-describedby=\"caption-attachment-8992\" style=\"width: 300px\" class=\"wp-caption alignright\"><img loading=\"lazy\" decoding=\"async\" class=\"wp-image-8992 size-medium\" src=\"http:\/\/www.rincondelbulla.cl\/portal\/wp-content\/uploads\/2016\/03\/rivarola-gol-300x265.jpg\" alt=\"\" width=\"300\" height=\"265\" srcset=\"http:\/\/www.rincondelbulla.cl\/portal\/wp-content\/uploads\/2016\/03\/rivarola-gol-300x265.jpg 300w, http:\/\/www.rincondelbulla.cl\/portal\/wp-content\/uploads\/2016\/03\/rivarola-gol.jpg 453w\" sizes=\"auto, (max-width: 300px) 100vw, 300px\" \/><figcaption id=\"caption-attachment-8992\" class=\"wp-caption-text\">El momento exacto de la alegr\u00eda. Diego Rivarola conecta el bal\u00f3n de cabeza, derrota a Castillo y desatar el carnaval en el Nacional.<\/figcaption><\/figure>\n<p>\u00abLa verdad jugu\u00e9 pocos, no tuve la oportunidad de jugar desde el principio. Pero el que m\u00e1s recuerdo fue el que jugamos en el Nacional, donde le ganamos 2-1 a Colo Colo (2011).Lo \u00edbamos perdiendo 1-0, lo dimos vuelta en un partido demasiado bonito.<\/p>\n<p>Recuerdo que (Ezequiel) Miralles le hab\u00eda marcado a Johnny y pasaba el tiempo y no logr\u00e1bamos empatar. El profe Jorge (Sampaoli) me reemplaz\u00f3 por Rivarola a mitad del segundo tiempo. Tambi\u00e9n Canales ingres\u00f3 esa vez. Est\u00e1bamos desesperados, no pod\u00edamos empatar. Hasta que lleg\u00f3 el gol de penal de Gustavo (Canales), poquito antes del final, y el estadio se vino abajo. Para que decirte en el cabezazo de Rivarola que nos dio el 2-1. Todo era una locura, no la quer\u00edamos creer.<\/p>\n<p>Fue un envi\u00f3n bastante positivo el hecho de ganar ese cl\u00e1sico, nos dio vibras positiva. Despu\u00e9s, ese 2011, la \u201cU\u201d sali\u00f3 campe\u00f3n, sali\u00f3 campe\u00f3n de la Sudamericana y fue un a\u00f1o bastante redondo.<\/p>\n<figure id=\"attachment_8999\" aria-describedby=\"caption-attachment-8999\" style=\"width: 1100px\" class=\"wp-caption aligncenter\"><img loading=\"lazy\" decoding=\"async\" class=\"wp-image-8999 size-full\" src=\"http:\/\/www.rincondelbulla.cl\/portal\/wp-content\/uploads\/2016\/03\/gabriel-vargas.jpg\" alt=\"\" width=\"1100\" height=\"733\" srcset=\"http:\/\/www.rincondelbulla.cl\/portal\/wp-content\/uploads\/2016\/03\/gabriel-vargas.jpg 1100w, http:\/\/www.rincondelbulla.cl\/portal\/wp-content\/uploads\/2016\/03\/gabriel-vargas-300x200.jpg 300w, http:\/\/www.rincondelbulla.cl\/portal\/wp-content\/uploads\/2016\/03\/gabriel-vargas-768x512.jpg 768w, http:\/\/www.rincondelbulla.cl\/portal\/wp-content\/uploads\/2016\/03\/gabriel-vargas-696x464.jpg 696w, http:\/\/www.rincondelbulla.cl\/portal\/wp-content\/uploads\/2016\/03\/gabriel-vargas-1068x712.jpg 1068w, http:\/\/www.rincondelbulla.cl\/portal\/wp-content\/uploads\/2016\/03\/gabriel-vargas-630x420.jpg 630w\" sizes=\"auto, (max-width: 1100px) 100vw, 1100px\" \/><figcaption id=\"caption-attachment-8999\" class=\"wp-caption-text\">El Arc\u00e1ngel marcaba su primer gol de ese glorioso a\u00f1o del triunfo del Supercl\u00e1sico del Apertura 2011<\/figcaption><\/figure>\n<p>Hoy lo miro desde afuera. Le tengo bastante cari\u00f1o a la \u201cU\u201d. Le dir\u00eda a la gente que sigan apoyando, m\u00e1s en este cl\u00e1sico\u00bb.<\/p>\n","protected":false},"excerpt":{"rendered":"<p>Pese a no ser protagonista, el cl\u00e1sico del Apertura 2011 qued\u00f3 marcado en la mente del Gabriel Vargas. El delantero\u00a0cree que ese triunfo fue el inicio de la exitosa campa\u00f1a que ese a\u00f1o se coron\u00f3 con un bicampeonato y la obtenci\u00f3n de la Copa Sudamericana. Este es el recuerdo cl\u00e1sico del \u00abArc\u00e1ngel\u00a0del Gol\u00bb.<\/p>\n","protected":false},"author":21382,"featured_media":8999,"comment_status":"closed","ping_status":"open","sticky":false,"template":"","format":"video","meta":{"footnotes":""},"categories":[18],"tags":[454,636,638,170,502,80,45,424,635,50,56,40,157,44,614,637],"class_list":{"0":"post-8972","1":"post","2":"type-post","3":"status-publish","4":"format-video","5":"has-post-thumbnail","7":"category-actualidad","8":"tag-actualidad","9":"tag-arcangel","10":"tag-bicampeonato","11":"tag-clasico","12":"tag-colo-colo","13":"tag-copa-sudamericana","14":"tag-diego-rivarola","15":"tag-estadio-nacional","16":"tag-ezequiel-miralles","17":"tag-gabriel-vargas","18":"tag-gustavo-canales","19":"tag-jorge-sampaoli","20":"tag-portada","21":"tag-superclasico","22":"tag-superclasico-de-mi-vida","23":"tag-torneo-apertura-2011","24":"post_format-post-format-video"},"_links":{"self":[{"href":"http:\/\/www.rincondelbulla.cl\/portal\/wp-json\/wp\/v2\/posts\/8972","targetHints":{"allow":["GET"]}}],"collection":[{"href":"http:\/\/www.rincondelbulla.cl\/portal\/wp-json\/wp\/v2\/posts"}],"about":[{"href":"http:\/\/www.rincondelbulla.cl\/portal\/wp-json\/wp\/v2\/types\/post"}],"author":[{"embeddable":true,"href":"http:\/\/www.rincondelbulla.cl\/portal\/wp-json\/wp\/v2\/users\/21382"}],"replies":[{"embeddable":true,"href":"http:\/\/www.rincondelbulla.cl\/portal\/wp-json\/wp\/v2\/comments?post=8972"}],"version-history":[{"count":8,"href":"http:\/\/www.rincondelbulla.cl\/portal\/wp-json\/wp\/v2\/posts\/8972\/revisions"}],"predecessor-version":[{"id":9006,"href":"http:\/\/www.rincondelbulla.cl\/portal\/wp-json\/wp\/v2\/posts\/8972\/revisions\/9006"}],"wp:featuredmedia":[{"embeddable":true,"href":"http:\/\/www.rincondelbulla.cl\/portal\/wp-json\/wp\/v2\/media\/8999"}],"wp:attachment":[{"href":"http:\/\/www.rincondelbulla.cl\/portal\/wp-json\/wp\/v2\/media?parent=8972"}],"wp:term":[{"taxonomy":"category","embeddable":true,"href":"http:\/\/www.rincondelbulla.cl\/portal\/wp-json\/wp\/v2\/categories?post=8972"},{"taxonomy":"post_tag","embeddable":true,"href":"http:\/\/www.rincondelbulla.cl\/portal\/wp-json\/wp\/v2\/tags?post=8972"}],"curies":[{"name":"wp","href":"https:\/\/api.w.org\/{rel}","templated":true}]}}