{"id":8995,"date":"2016-03-16T15:37:04","date_gmt":"2016-03-16T18:37:04","guid":{"rendered":"http:\/\/www.rincondelbulla.cl\/portal\/?p=8995"},"modified":"2016-03-16T15:48:47","modified_gmt":"2016-03-16T18:48:47","slug":"corujo-y-el-superclasico-una-derrota-seria-dificil-pero-no-pensamos-en-eso-queremos-ganar","status":"publish","type":"post","link":"http:\/\/www.rincondelbulla.cl\/portal\/2016\/03\/16\/corujo-y-el-superclasico-una-derrota-seria-dificil-pero-no-pensamos-en-eso-queremos-ganar\/","title":{"rendered":"Corujo y el Supercl\u00e1sico: \u00abUna derrota ser\u00eda dif\u00edcil, pero no pensamos en eso. Queremos ganar\u00bb"},"content":{"rendered":"<p><strong>El \u00abChiche\u00bb sabe que se juegan un importante partido este domingo, tomando en cuenta el irregular tr\u00e1nsito azul por el Torneo Clausura 2015-2016. Reconoce que la \u00abU\u00bb tienen el mejor plantel, pero que no lo han sabido reafirmar en la cancha.<\/strong><br \/>\n<!--more--><\/p>\n<p><strong>\u00bfC\u00f3mo llegan al Supercl\u00e1sico?:<\/strong> \u201cLamentablemente no nos toca en un buen momento. <strong>Tenemos el mejor plantel del f\u00fatbol chileno y no lo estamos plasmando en la cancha. Mejor revancha que la del domingo no vamos a tener<\/strong>. Otra derrota en la situaci\u00f3n que estamos y frente a Colo Colo ser\u00e1 dif\u00edcil pero no pensamos en eso, solo queremos ganar\u00bb<\/p>\n<p><strong>Presente del rival:<\/strong> \u201c<strong>Hoy en d\u00eda el mejor equipo es Colo Colo porque van primeros y est\u00e1n jugando la Copa Libertares<\/strong>. Por nombre capaz que tenemos es el mejor plantel, pero eso se debe demostrar y nosotros no lo estamos haciendo\u201d<\/p>\n<p><strong>\u00bfPodr\u00e1 el rival suplir la ausencia de su mejor jugador?:<\/strong> \u00abNo creo que ellos tengan alg\u00fan problema para suplantar a Vald\u00e9s, que es un gran jugador y de mucha experiencia\u00bb<\/p>\n<p><strong>Situaci\u00f3n f\u00edsica y futbol\u00edstica de Gustavo Canales<\/strong>: \u201cEst\u00e1 mejor. Le est\u00e1 poniendo mucha voluntad. Hace varios partido no ven\u00eda bien y tenemos que acompa\u00f1arlo como equipo. Es un jugador determinante, que marca la diferencia\u201d<\/p>\n<p><strong>Irregular momento de la \u201cU<\/strong>\u201d: \u201cTodos somos responsables. Ac\u00e1 no hay nadie que se salve. Perdimos todos y ganamos todos\u201d<\/p>\n<p><strong>\u00bfC\u00f3mo vive el plantel el actual momento?:<\/strong> \u00abNosotros miramos las posiciones de abajo y que estamos cerca del descenso pero este equipo tiene que tener una mentalidad positiva, porque vienen partidos importantes y no podemos darnos el lujo de estar tristes dentro de la cancha\u00bb.<\/p>\n","protected":false},"excerpt":{"rendered":"<p>El \u00abChiche\u00bb sabe que se juegan un importante partido este domingo, tomando en cuenta el irregular tr\u00e1nsito azul por el Torneo Clausura 2015-2016. Reconoce que la \u00abU\u00bb tienen el mejor plantel, pero que no lo han sabido reafirmar en la cancha.<\/p>\n","protected":false},"author":21382,"featured_media":8952,"comment_status":"closed","ping_status":"open","sticky":false,"template":"","format":"video","meta":{"footnotes":""},"categories":[18],"tags":[454,634,502,56,640,257,157,44,538,294,156],"class_list":{"0":"post-8995","1":"post","2":"type-post","3":"status-publish","4":"format-video","5":"has-post-thumbnail","7":"category-actualidad","8":"tag-actualidad","9":"tag-azul","10":"tag-colo-colo","11":"tag-gustavo-canales","12":"tag-jaime-valdes","13":"tag-mathias-corujo","14":"tag-portada","15":"tag-superclasico","16":"tag-torneo-clausura-2015-2016","17":"tag-u-de-chile","18":"tag-universidad-de-chile","19":"post_format-post-format-video"},"_links":{"self":[{"href":"http:\/\/www.rincondelbulla.cl\/portal\/wp-json\/wp\/v2\/posts\/8995","targetHints":{"allow":["GET"]}}],"collection":[{"href":"http:\/\/www.rincondelbulla.cl\/portal\/wp-json\/wp\/v2\/posts"}],"about":[{"href":"http:\/\/www.rincondelbulla.cl\/portal\/wp-json\/wp\/v2\/types\/post"}],"author":[{"embeddable":true,"href":"http:\/\/www.rincondelbulla.cl\/portal\/wp-json\/wp\/v2\/users\/21382"}],"replies":[{"embeddable":true,"href":"http:\/\/www.rincondelbulla.cl\/portal\/wp-json\/wp\/v2\/comments?post=8995"}],"version-history":[{"count":1,"href":"http:\/\/www.rincondelbulla.cl\/portal\/wp-json\/wp\/v2\/posts\/8995\/revisions"}],"predecessor-version":[{"id":8996,"href":"http:\/\/www.rincondelbulla.cl\/portal\/wp-json\/wp\/v2\/posts\/8995\/revisions\/8996"}],"wp:featuredmedia":[{"embeddable":true,"href":"http:\/\/www.rincondelbulla.cl\/portal\/wp-json\/wp\/v2\/media\/8952"}],"wp:attachment":[{"href":"http:\/\/www.rincondelbulla.cl\/portal\/wp-json\/wp\/v2\/media?parent=8995"}],"wp:term":[{"taxonomy":"category","embeddable":true,"href":"http:\/\/www.rincondelbulla.cl\/portal\/wp-json\/wp\/v2\/categories?post=8995"},{"taxonomy":"post_tag","embeddable":true,"href":"http:\/\/www.rincondelbulla.cl\/portal\/wp-json\/wp\/v2\/tags?post=8995"}],"curies":[{"name":"wp","href":"https:\/\/api.w.org\/{rel}","templated":true}]}}