{"id":9031,"date":"2016-03-17T01:33:31","date_gmt":"2016-03-17T04:33:31","guid":{"rendered":"http:\/\/www.rincondelbulla.cl\/portal\/?p=9031"},"modified":"2016-03-17T17:03:28","modified_gmt":"2016-03-17T20:03:28","slug":"johnny-herrera-alzo-la-voz-en-la-previa-del-superclasico","status":"publish","type":"post","link":"http:\/\/www.rincondelbulla.cl\/portal\/2016\/03\/17\/johnny-herrera-alzo-la-voz-en-la-previa-del-superclasico\/","title":{"rendered":"Johnny Herrera alz\u00f3 la voz en la previa del Supercl\u00e1sico"},"content":{"rendered":"<figure id=\"attachment_5788\" aria-describedby=\"caption-attachment-5788\" style=\"width: 1100px\" class=\"wp-caption alignleft\"><img loading=\"lazy\" decoding=\"async\" class=\"wp-image-5788 size-full\" src=\"http:\/\/www.rincondelbulla.cl\/portal\/wp-content\/uploads\/2014\/10\/johnny_herrera2.jpg\" alt=\"\" width=\"1100\" height=\"700\" srcset=\"http:\/\/www.rincondelbulla.cl\/portal\/wp-content\/uploads\/2014\/10\/johnny_herrera2.jpg 1100w, http:\/\/www.rincondelbulla.cl\/portal\/wp-content\/uploads\/2014\/10\/johnny_herrera2-300x191.jpg 300w, http:\/\/www.rincondelbulla.cl\/portal\/wp-content\/uploads\/2014\/10\/johnny_herrera2-768x489.jpg 768w, http:\/\/www.rincondelbulla.cl\/portal\/wp-content\/uploads\/2014\/10\/johnny_herrera2-696x443.jpg 696w, http:\/\/www.rincondelbulla.cl\/portal\/wp-content\/uploads\/2014\/10\/johnny_herrera2-1068x680.jpg 1068w, http:\/\/www.rincondelbulla.cl\/portal\/wp-content\/uploads\/2014\/10\/johnny_herrera2-660x420.jpg 660w\" sizes=\"auto, (max-width: 1100px) 100vw, 1100px\" \/><figcaption id=\"caption-attachment-5788\" class=\"wp-caption-text\">Johnny Herrera convers\u00f3 con Fox Sports y no se guard\u00f3 nada &#8211; Foto: Patricio Gonz\u00e1lez<\/figcaption><\/figure>\n<p><strong>El capit\u00e1n convers\u00f3 \u00a0este mi\u00e9rcoles con Fox Sports y no se guard\u00f3 nada. Habl\u00f3 sobre el partido de este domingo ante Colo Colo, Sergio Jadue y la llegada de Sebasti\u00e1n Beccacece a la banca azul.<\/strong><!--more--><\/p>\n<p><span style=\"font-weight: 400;\">La contingencia fue un tema clave en la entrevista con la cadena televisiva, Johnny expres\u00f3 su malestar con lo ocurrido con Sergio Jadue. \u201cCreo que ese proceso empez\u00f3 mal, m\u00e1s all\u00e1 de que hubo un \u00e9xito deportivo. Lo que empieza mal, termina mal. Despu\u00e9s de todo lo que el mundo sabe, que salga con esto, la verdad es que hay que ser bien caradura para re\u00edrse de todos nosotros\u201d.<\/span><\/p>\n<p><span style=\"font-weight: 400;\">Con respecto al mal momento que pasan los azules, Herrera mostr\u00f3 su preocupaci\u00f3n por la falta de rodaje en el juego. \u201cCon el pasar de los partidos no hemos mejorado y te frustra, te da cierta intranquilidad a un equipo que aspira a tanto y eso hasta a veces te averg\u00fcenza, porque tanta gente confi\u00f3 en ti y no le est\u00e1s respondiendo\u201d, expres\u00f3.<\/span><\/p>\n<p><span style=\"font-weight: 400;\">Eso no fue todo, porque tambi\u00e9n se refiri\u00f3 a la llegada de Sebasti\u00e1n Beccacece a la U. \u201cYo fui uno de los impulsores de esta idea que llegara Sebasti\u00e1n, incluso hace mucho tiempo cuando se fue el profe, la primera idea m\u00eda fue que llegara Sebasti\u00e1n, que se hiciera un esfuerzo y lo trajeran, pero no se consigui\u00f3 porque Sebasti\u00e1n no quiso y quer\u00eda foguearse\u201d, expres\u00f3 el \u201cSamurai\u201d.<\/span><\/p>\n<p><span style=\"font-weight: 400;\">En torno al ambiente del partido del pr\u00f3ximo domingo, cont\u00f3 que: \u201cNo soy de ver a Colo Colo, lo he visto un rato, as\u00ed que no te podr\u00eda decir si es fome o no, por lo que dicen parece que s\u00ed\u201d, tambi\u00e9n agreg\u00f3 que le gustar\u00eda que Esteban Paredes est\u00e9 presente en el cl\u00e1sico.<\/span><\/p>\n","protected":false},"excerpt":{"rendered":"<p>El capit\u00e1n convers\u00f3 \u00a0este mi\u00e9rcoles con Fox Sports y no se guard\u00f3 nada. Habl\u00f3 sobre el partido de este domingo ante Colo Colo, Sergio Jadue y la llegada de Sebasti\u00e1n Beccacece a la banca azul.<\/p>\n","protected":false},"author":21385,"featured_media":6478,"comment_status":"closed","ping_status":"open","sticky":false,"template":"","format":"standard","meta":{"footnotes":""},"categories":[18],"tags":[454,242,513,489,41,44,294],"class_list":{"0":"post-9031","1":"post","2":"type-post","3":"status-publish","4":"format-standard","5":"has-post-thumbnail","7":"category-actualidad","8":"tag-actualidad","9":"tag-capitan","10":"tag-clausura-2015-2016","11":"tag-entrevista","12":"tag-johnny-herrera","13":"tag-superclasico","14":"tag-u-de-chile"},"_links":{"self":[{"href":"http:\/\/www.rincondelbulla.cl\/portal\/wp-json\/wp\/v2\/posts\/9031","targetHints":{"allow":["GET"]}}],"collection":[{"href":"http:\/\/www.rincondelbulla.cl\/portal\/wp-json\/wp\/v2\/posts"}],"about":[{"href":"http:\/\/www.rincondelbulla.cl\/portal\/wp-json\/wp\/v2\/types\/post"}],"author":[{"embeddable":true,"href":"http:\/\/www.rincondelbulla.cl\/portal\/wp-json\/wp\/v2\/users\/21385"}],"replies":[{"embeddable":true,"href":"http:\/\/www.rincondelbulla.cl\/portal\/wp-json\/wp\/v2\/comments?post=9031"}],"version-history":[{"count":3,"href":"http:\/\/www.rincondelbulla.cl\/portal\/wp-json\/wp\/v2\/posts\/9031\/revisions"}],"predecessor-version":[{"id":9099,"href":"http:\/\/www.rincondelbulla.cl\/portal\/wp-json\/wp\/v2\/posts\/9031\/revisions\/9099"}],"wp:featuredmedia":[{"embeddable":true,"href":"http:\/\/www.rincondelbulla.cl\/portal\/wp-json\/wp\/v2\/media\/6478"}],"wp:attachment":[{"href":"http:\/\/www.rincondelbulla.cl\/portal\/wp-json\/wp\/v2\/media?parent=9031"}],"wp:term":[{"taxonomy":"category","embeddable":true,"href":"http:\/\/www.rincondelbulla.cl\/portal\/wp-json\/wp\/v2\/categories?post=9031"},{"taxonomy":"post_tag","embeddable":true,"href":"http:\/\/www.rincondelbulla.cl\/portal\/wp-json\/wp\/v2\/tags?post=9031"}],"curies":[{"name":"wp","href":"https:\/\/api.w.org\/{rel}","templated":true}]}}