{"id":9156,"date":"2016-03-18T17:21:40","date_gmt":"2016-03-18T20:21:40","guid":{"rendered":"http:\/\/www.rincondelbulla.cl\/portal\/?p=9156"},"modified":"2016-03-18T19:51:51","modified_gmt":"2016-03-18T22:51:51","slug":"canales-azoma-en-el-once-inicial-del-superclasico","status":"publish","type":"post","link":"http:\/\/www.rincondelbulla.cl\/portal\/2016\/03\/18\/canales-azoma-en-el-once-inicial-del-superclasico\/","title":{"rendered":"Canales azoma en el once inicial del Supercl\u00e1sico"},"content":{"rendered":"<p><img loading=\"lazy\" decoding=\"async\" class=\"alignnone size-full wp-image-7622\" src=\"http:\/\/www.rincondelbulla.cl\/portal\/wp-content\/uploads\/2015\/09\/36.jpg\" alt=\"El delantero azul anot\u00f3 dos goles de penal y empuj\u00f3 a la U a la otra fase de Copa Chile - Foto: Claudio C\u00e1ceres\" width=\"1000\" height=\"667\" srcset=\"http:\/\/www.rincondelbulla.cl\/portal\/wp-content\/uploads\/2015\/09\/36.jpg 1000w, http:\/\/www.rincondelbulla.cl\/portal\/wp-content\/uploads\/2015\/09\/36-300x200.jpg 300w, http:\/\/www.rincondelbulla.cl\/portal\/wp-content\/uploads\/2015\/09\/36-768x512.jpg 768w, http:\/\/www.rincondelbulla.cl\/portal\/wp-content\/uploads\/2015\/09\/36-696x464.jpg 696w, http:\/\/www.rincondelbulla.cl\/portal\/wp-content\/uploads\/2015\/09\/36-630x420.jpg 630w\" sizes=\"auto, (max-width: 1000px) 100vw, 1000px\" \/><\/p>\n<p><strong>Como ha sido costumbre a lo largo del a\u00f1o Johnny Herrera es el capit\u00e1n, adem\u00e1s del emblema y n\u00famero fijo en Universidad de Chile 2016, en el Supercl\u00e1sico no ser\u00e1 la excepci\u00f3n. Este domingo en el Estadio Nacional tambi\u00e9n ser\u00e1 el retorno de Gustavo Javier Canales a la formaci\u00f3n que prepara Sebasti\u00e1n Beccacece.<\/strong><\/p>\n<p><!--more--><\/p>\n<p>Durante la presente semana se ha hablado de innumerables cambios que supuestamente realizar\u00eda el t\u00e9cnico azul, pero a menos de 48 horas del duelo n\u00famero 226 frente al archirrival, el ex-ayudante de Sampaoli parece tener claro el equipo que enviar\u00e1 al campo de juego. <strong>Johnny Herrera en el arco; Matias Rodriguez, Osvaldo Gonzalez, Gonzalo Jara y Fabi\u00e1n Monz\u00f3n en labores defensivas; Mathias Corujo, Gonzalo Espinoza, Sebastian Mart\u00ednez y Gustavo Lorenzetti en medio campo; Sebastian Ubilla y Gustavo Canales en delantera.<\/strong><\/p>\n<p>Ese ser\u00eda el once azul, donde el cambio se podr\u00eda producir en la salida del \u201cChinito\u201d Martinez para dar paso a Su\u00e1rez o Valencia, ser\u00eda la duda que Beccacece resolver\u00eda en las pr\u00f3ximas horas de cara al partido m\u00e1s importante del semestre.<\/p>\n","protected":false},"excerpt":{"rendered":"<p>Como ha sido costumbre a lo largo del a\u00f1o Johnny Herrera es el capit\u00e1n, adem\u00e1s del emblema y n\u00famero fijo en Universidad de Chile 2016, en el Supercl\u00e1sico no ser\u00e1 la excepci\u00f3n. Este domingo en el Estadio Nacional tambi\u00e9n ser\u00e1 el retorno de Gustavo Javier Canales a la formaci\u00f3n que prepara Sebasti\u00e1n Beccacece.<\/p>\n","protected":false},"author":21381,"featured_media":8655,"comment_status":"closed","ping_status":"open","sticky":false,"template":"","format":"standard","meta":{"footnotes":""},"categories":[18],"tags":[454,513,56,44],"class_list":{"0":"post-9156","1":"post","2":"type-post","3":"status-publish","4":"format-standard","5":"has-post-thumbnail","7":"category-actualidad","8":"tag-actualidad","9":"tag-clausura-2015-2016","10":"tag-gustavo-canales","11":"tag-superclasico"},"_links":{"self":[{"href":"http:\/\/www.rincondelbulla.cl\/portal\/wp-json\/wp\/v2\/posts\/9156","targetHints":{"allow":["GET"]}}],"collection":[{"href":"http:\/\/www.rincondelbulla.cl\/portal\/wp-json\/wp\/v2\/posts"}],"about":[{"href":"http:\/\/www.rincondelbulla.cl\/portal\/wp-json\/wp\/v2\/types\/post"}],"author":[{"embeddable":true,"href":"http:\/\/www.rincondelbulla.cl\/portal\/wp-json\/wp\/v2\/users\/21381"}],"replies":[{"embeddable":true,"href":"http:\/\/www.rincondelbulla.cl\/portal\/wp-json\/wp\/v2\/comments?post=9156"}],"version-history":[{"count":1,"href":"http:\/\/www.rincondelbulla.cl\/portal\/wp-json\/wp\/v2\/posts\/9156\/revisions"}],"predecessor-version":[{"id":9157,"href":"http:\/\/www.rincondelbulla.cl\/portal\/wp-json\/wp\/v2\/posts\/9156\/revisions\/9157"}],"wp:featuredmedia":[{"embeddable":true,"href":"http:\/\/www.rincondelbulla.cl\/portal\/wp-json\/wp\/v2\/media\/8655"}],"wp:attachment":[{"href":"http:\/\/www.rincondelbulla.cl\/portal\/wp-json\/wp\/v2\/media?parent=9156"}],"wp:term":[{"taxonomy":"category","embeddable":true,"href":"http:\/\/www.rincondelbulla.cl\/portal\/wp-json\/wp\/v2\/categories?post=9156"},{"taxonomy":"post_tag","embeddable":true,"href":"http:\/\/www.rincondelbulla.cl\/portal\/wp-json\/wp\/v2\/tags?post=9156"}],"curies":[{"name":"wp","href":"https:\/\/api.w.org\/{rel}","templated":true}]}}