{"id":9207,"date":"2016-03-19T17:11:21","date_gmt":"2016-03-19T20:11:21","guid":{"rendered":"http:\/\/www.rincondelbulla.cl\/portal\/?p=9207"},"modified":"2016-03-19T19:28:02","modified_gmt":"2016-03-19T22:28:02","slug":"con-sensible-baja-de-ultima-hora-la-u-recibe-a-colo-colo-en-un-nuevo-superclasico","status":"publish","type":"post","link":"http:\/\/www.rincondelbulla.cl\/portal\/2016\/03\/19\/con-sensible-baja-de-ultima-hora-la-u-recibe-a-colo-colo-en-un-nuevo-superclasico\/","title":{"rendered":"La Previa: Con sensible baja de \u00faltima hora, la \u201cU\u201d recibe a Colo Colo en un nuevo Supercl\u00e1sico"},"content":{"rendered":"<figure id=\"attachment_7071\" aria-describedby=\"caption-attachment-7071\" style=\"width: 1200px\" class=\"wp-caption alignnone\"><img loading=\"lazy\" decoding=\"async\" class=\"size-full wp-image-7071\" src=\"http:\/\/www.rincondelbulla.cl\/portal\/wp-content\/uploads\/2015\/03\/IMG_82241.jpg\" alt=\"Los Azules llegan al Supercl\u00e1sico con la convicci\u00f3n que deben entregarle una alegr\u00eda a su hinchada.\" width=\"1200\" height=\"799\" srcset=\"http:\/\/www.rincondelbulla.cl\/portal\/wp-content\/uploads\/2015\/03\/IMG_82241.jpg 1200w, http:\/\/www.rincondelbulla.cl\/portal\/wp-content\/uploads\/2015\/03\/IMG_82241-300x200.jpg 300w, http:\/\/www.rincondelbulla.cl\/portal\/wp-content\/uploads\/2015\/03\/IMG_82241-768x511.jpg 768w, http:\/\/www.rincondelbulla.cl\/portal\/wp-content\/uploads\/2015\/03\/IMG_82241-696x463.jpg 696w, http:\/\/www.rincondelbulla.cl\/portal\/wp-content\/uploads\/2015\/03\/IMG_82241-1068x711.jpg 1068w, http:\/\/www.rincondelbulla.cl\/portal\/wp-content\/uploads\/2015\/03\/IMG_82241-631x420.jpg 631w\" sizes=\"auto, (max-width: 1200px) 100vw, 1200px\" \/><figcaption id=\"caption-attachment-7071\" class=\"wp-caption-text\">Los Azules llegan al Supercl\u00e1sico con la convicci\u00f3n que deben entregarle una alegr\u00eda a su hinchada. Aseguran que este partido lo deben ganar como sea.<\/figcaption><\/figure>\n<p><strong>Intentando dejar atr\u00e1s la irregular campa\u00f1a del 2016, los azules quieren un triunfo ante el archirrival para dedicarlo\u00a0 a su gente que los ha acompa\u00f1ado pese a sus ca\u00eddas. A menos de 24 horas del encuentro, una mala noticia afect\u00f3 el planteamiento de Sebasti\u00e1n Beccacece.<\/strong><!--more--><\/p>\n<p>Este domingo, desde la 12:30 hrs., Universidad de Chile recibir\u00e1 en el Estadio Nacional a Colo Colo, para dar vida a la edici\u00f3n 179 del Supercl\u00e1sico del F\u00fatbol Chileno, con la idea de dejar atr\u00e1s la irregular campa\u00f1a y regalarle una alegr\u00eda a su gente.<\/p>\n<figure id=\"attachment_7909\" aria-describedby=\"caption-attachment-7909\" style=\"width: 300px\" class=\"wp-caption alignleft\"><img loading=\"lazy\" decoding=\"async\" class=\"wp-image-7909 size-medium\" src=\"http:\/\/www.rincondelbulla.cl\/portal\/wp-content\/uploads\/2015\/12\/corujogol-300x169.jpg\" alt=\"Una apendicitis dej\u00f3 a \u00faltima hora al &quot;Chiche fuera de este partido.\" width=\"300\" height=\"169\" srcset=\"http:\/\/www.rincondelbulla.cl\/portal\/wp-content\/uploads\/2015\/12\/corujogol-300x169.jpg 300w, http:\/\/www.rincondelbulla.cl\/portal\/wp-content\/uploads\/2015\/12\/corujogol.jpg 640w\" sizes=\"auto, (max-width: 300px) 100vw, 300px\" \/><figcaption id=\"caption-attachment-7909\" class=\"wp-caption-text\">Una apendicitis dej\u00f3 a \u00faltima hora al \u00abChiche fuera de este partido.<\/figcaption><\/figure>\n<p>Los Azules llegan a esta fecha adelantada (originalmente el partido estaba programado para el 3 de abril), en la novena\u00a0posici\u00f3n con 11 puntos, mientras que su rival lo hace como puntero con 20 unidades. El tradicional Banderazo, donde asistieron m\u00e1s de 10 mil hinchas pese a ser d\u00eda viernes, Beccacece llegaba con lo mejor de su gente para conformar el equipo. Pero en las \u00faltimas horas de este s\u00e1bado se confirm\u00f3 la sensible baja obligada de Math\u00edas Corujo, debido a una apendicitis, la que debi\u00f3 ser intervenida de urgencia. La principal novedad en la citaci\u00f3n es la inclusi\u00f3n del delantero juvenil boliviano Bruno Miranda.<\/p>\n<p>Con estos antecedentes, la formaci\u00f3n para enfrentar el Supercl\u00e1sico ser\u00eda con Johnny Herrera en el arco; Suarez, O. Gonz\u00e1lez, Jara y Monz\u00f3n; Rodr\u00edguez, Mart\u00ednez y Espinoza; Lorenzetti como enganche; Ubilla y Canales en punta.<\/p>\n<p><strong>N\u00daMEROS ROJOS EN EL HISTORIAL<\/strong><\/p>\n<p>En el Cara a Cara entre ambos equipos, la \u201cU\u201d tiene un saldo al debe. Por Torneos Nacionales de Primera Divisi\u00f3n se han enfrentado en 178 oportunidades, con solo 48 victorias azules y 50 empates.<\/p>\n<p>La \u00faltima victoria la consigui\u00f3 el 5 de mayo de 2013, cuando en el Estadio Nacional derrot\u00f3 por 3-2 a su archirrival con dos anotaciones de Juan Ignacio Duma y una de Charles Ar\u00e1nguiz. El \u00faltimo encuentro oficial entre ambos se disput\u00f3 el 2 de diciembre pasado, en el marco de la final de la Copa Chile MTS 2015, con igualdad 1-1 en los 90 minutos y triunfo azul en la definici\u00f3n a penales por 5-3.<\/p>\n","protected":false},"excerpt":{"rendered":"<p>Intentando dejar atr\u00e1s la irregular campa\u00f1a del 2016, los azules quieren un triunfo ante el archirrival para dedicarlo\u00a0 a su gente que los ha acompa\u00f1ado pese a sus ca\u00eddas. A menos de 24 horas del encuentro, una mala noticia afect\u00f3 el planteamiento de Sebasti\u00e1n Beccacece.<\/p>\n","protected":false},"author":21382,"featured_media":7901,"comment_status":"closed","ping_status":"open","sticky":false,"template":"","format":"standard","meta":{"footnotes":""},"categories":[18],"tags":[454,668,507,399,73,669,38,513,502,486,292,37,257,157,537,44,670,294,156],"class_list":{"0":"post-9207","1":"post","2":"type-post","3":"status-publish","4":"format-standard","5":"has-post-thumbnail","7":"category-actualidad","8":"tag-actualidad","9":"tag-apendicitis","10":"tag-archirrival","11":"tag-azules","12":"tag-banderazo","13":"tag-bruno-miranda","14":"tag-charles-aranguiz","15":"tag-clausura-2015-2016","16":"tag-colo-colo","17":"tag-formacion","18":"tag-juan-ignacio-duma","19":"tag-la-previa","20":"tag-mathias-corujo","21":"tag-portada","22":"tag-sebastian-beccacece","23":"tag-superclasico","24":"tag-torneos-nacionales","25":"tag-u-de-chile","26":"tag-universidad-de-chile"},"_links":{"self":[{"href":"http:\/\/www.rincondelbulla.cl\/portal\/wp-json\/wp\/v2\/posts\/9207","targetHints":{"allow":["GET"]}}],"collection":[{"href":"http:\/\/www.rincondelbulla.cl\/portal\/wp-json\/wp\/v2\/posts"}],"about":[{"href":"http:\/\/www.rincondelbulla.cl\/portal\/wp-json\/wp\/v2\/types\/post"}],"author":[{"embeddable":true,"href":"http:\/\/www.rincondelbulla.cl\/portal\/wp-json\/wp\/v2\/users\/21382"}],"replies":[{"embeddable":true,"href":"http:\/\/www.rincondelbulla.cl\/portal\/wp-json\/wp\/v2\/comments?post=9207"}],"version-history":[{"count":8,"href":"http:\/\/www.rincondelbulla.cl\/portal\/wp-json\/wp\/v2\/posts\/9207\/revisions"}],"predecessor-version":[{"id":9222,"href":"http:\/\/www.rincondelbulla.cl\/portal\/wp-json\/wp\/v2\/posts\/9207\/revisions\/9222"}],"wp:featuredmedia":[{"embeddable":true,"href":"http:\/\/www.rincondelbulla.cl\/portal\/wp-json\/wp\/v2\/media\/7901"}],"wp:attachment":[{"href":"http:\/\/www.rincondelbulla.cl\/portal\/wp-json\/wp\/v2\/media?parent=9207"}],"wp:term":[{"taxonomy":"category","embeddable":true,"href":"http:\/\/www.rincondelbulla.cl\/portal\/wp-json\/wp\/v2\/categories?post=9207"},{"taxonomy":"post_tag","embeddable":true,"href":"http:\/\/www.rincondelbulla.cl\/portal\/wp-json\/wp\/v2\/tags?post=9207"}],"curies":[{"name":"wp","href":"https:\/\/api.w.org\/{rel}","templated":true}]}}