{"id":9273,"date":"2016-03-21T17:38:05","date_gmt":"2016-03-21T20:38:05","guid":{"rendered":"http:\/\/www.rincondelbulla.cl\/portal\/?p=9273"},"modified":"2016-03-21T18:33:34","modified_gmt":"2016-03-21T21:33:34","slug":"marca-personal-clasico-es-no-llegar-al-arco-rival","status":"publish","type":"post","link":"http:\/\/www.rincondelbulla.cl\/portal\/2016\/03\/21\/marca-personal-clasico-es-no-llegar-al-arco-rival\/","title":{"rendered":"Marca Personal: Cl\u00e1sico es no llegar al arco rival"},"content":{"rendered":"<figure id=\"attachment_9228\" aria-describedby=\"caption-attachment-9228\" style=\"width: 1100px\" class=\"wp-caption alignnone\"><img loading=\"lazy\" decoding=\"async\" class=\"size-full wp-image-9228\" src=\"http:\/\/www.rincondelbulla.cl\/portal\/wp-content\/uploads\/2016\/03\/plantelcla16-superclasico.jpg\" alt=\"Foto: Photosport\" width=\"1100\" height=\"733\" srcset=\"http:\/\/www.rincondelbulla.cl\/portal\/wp-content\/uploads\/2016\/03\/plantelcla16-superclasico.jpg 1100w, http:\/\/www.rincondelbulla.cl\/portal\/wp-content\/uploads\/2016\/03\/plantelcla16-superclasico-300x200.jpg 300w, http:\/\/www.rincondelbulla.cl\/portal\/wp-content\/uploads\/2016\/03\/plantelcla16-superclasico-768x512.jpg 768w, http:\/\/www.rincondelbulla.cl\/portal\/wp-content\/uploads\/2016\/03\/plantelcla16-superclasico-696x464.jpg 696w, http:\/\/www.rincondelbulla.cl\/portal\/wp-content\/uploads\/2016\/03\/plantelcla16-superclasico-1068x712.jpg 1068w, http:\/\/www.rincondelbulla.cl\/portal\/wp-content\/uploads\/2016\/03\/plantelcla16-superclasico-630x420.jpg 630w\" sizes=\"auto, (max-width: 1100px) 100vw, 1100px\" \/><figcaption id=\"caption-attachment-9228\" class=\"wp-caption-text\">Foto: Photosport<\/figcaption><\/figure>\n<p><strong>La hinchada fue en masa a apoyar al equipo de sus amores, no dejaron de cantar y mojaron la camiseta en las galer\u00edas del Estadio Nacional, algo totalmente diferente a lo acontecido en el campo de juego. El equipo gener\u00f3 pocas llegadas y el rival jug\u00f3 al empate durante los 90 minutos. <\/strong><!--more--><\/p>\n<p>24 horas antes del encuentro el cuerpo t\u00e9cnico recibi\u00f3 la mala noticia de la operaci\u00f3n de Corujo, quiz\u00e1s lo m\u00e1s \u00abllamativo\u00bb que pas\u00f3 en el fin de semana respecto al cl\u00e1sico. Lo ocurrido en la cancha se aleja mucho a lo que acostumbramos a ver en el partido m\u00e1s importante del f\u00fatbol chileno. Los azules llegaron poco y nada al arco rival, y ya parece ser una marca registrada de Beccacece no inquietar al golero. Est\u00e1 es el Marca Personal del Rinc\u00f3n Del Bulla:<\/p>\n<p><strong>25.-Johnny Herrera<\/strong>: Atajo dos balones en todo el partido, en el segundo tiempo no le llegaron ni una vez. Nota 4.5<\/p>\n<p><strong>16.-Matias Rodr\u00edguez:<\/strong> Recibi\u00f3 una amarilla y cuando ingreso Mart\u00edn Rodr\u00edguez se vio sobrepasado, en ofensiva casi no apareci\u00f3. Nota 4.0<\/p>\n<p><strong>4.-Osvaldo Gonz\u00e1lez:<\/strong> <strong> Fue el mejor azul a lo largo del encuentro, gan\u00f3 todos los mano a mano, a ratos se le vio un poco susceptible a cometer faltas. Nota 5.0<\/strong><\/p>\n<p><strong>18.-Gonzalo Jara:<\/strong> Se complement\u00f3 de buena manera con \u201cRocky\u201d, en dos ocasiones bloqueo remates de Tonso y de Delgado respectivamente. Nota 4.5<\/p>\n<p><strong>3.-Fabi\u00e1n Monz\u00f3n<\/strong>: Hizo un correcto encuentro en la marca, en ofensiva muy poco, y todos los centros con pelota detenida muy mal ejecutados. Sali\u00f3 lesionado a los 40. Nota 3.5<\/p>\n<p><strong>21.-Gonzalo Espinoza:<\/strong> Termin\u00f3 imponi\u00e9ndose en el medio terreno, aunque en un principio no pudo con Reina. Nota 4.0<\/p>\n<p><strong>6.-Sebastian Mart\u00ednez:<\/strong> Corri\u00f3 mucho, pero con la pelota en los pies es poco lo que genera. Nota 3.5<\/p>\n<p><strong>22.-Gustavo Lorenzetti:<\/strong> Muy disperso e intermitente, no meti\u00f3 casi ning\u00fan bal\u00f3n con ventaja para los delanteros. Nota 3.5<\/p>\n<p><strong>11.- Sebasti\u00e1n Ubilla:\u00a0<\/strong>Tuvo 3 fuera de juego, a los 73\u2019 tuvo una buena llegada, pero se demor\u00f3. Corri\u00f3 bastante pero sin gravitar. Nota 3.5<\/p>\n<p><strong>19.-Gustavo Canales:<\/strong> Muy lento, tuvo una ocasi\u00f3n clara de gol, pero resbal\u00f3, se le nota fuera de ritmo, y en los primeros minutos recibi\u00f3 cuatro faltas en los tobillos. Nota 3.5<\/p>\n<p><strong>31.-Bruno Miranda:<\/strong> El joven boliviano aguant\u00f3 cada bal\u00f3n y no se achic\u00f3 en su debut con los azules. Buen partido pese a no jugar en su posici\u00f3n natural. Nota 4.5<\/p>\n<p><strong>CAMBIOS<\/strong><\/p>\n<p><strong>23.- Cristi\u00e1n Su\u00e1rez (40\u2019 por Monz\u00f3n):\u00a0<\/strong>Con su ingreso desapareci\u00f3 Tonso, y tampoco tuvo mayores problemas con Fierro. Nota 4.0<\/p>\n<p><strong>9.- Luis Pinilla (63&#8242; por Miranda):<\/strong>\u00a0Una falta sobre el provoc\u00f3 la expulsi\u00f3n de Beausejour, pero adem\u00e1s de eso no gener\u00f3 peligro. Nota 3.5<\/p>\n<p><strong>20.-Fabi\u00e1n Carmona (77\u2019por Lorenzetti):<\/strong> Sus primeros minutos luego de su recuperaci\u00f3n, correcta actuaci\u00f3n pero no cambi\u00f3 en nada la performance de los azules.<\/p>\n","protected":false},"excerpt":{"rendered":"<p>La hinchada fue en masa a apoyar al equipo de sus amores, no dejaron de cantar y mojaron la camiseta en las galer\u00edas del Estadio Nacional, algo totalmente diferente a lo acontecido en el campo de juego. El equipo gener\u00f3 pocas llegadas y el rival jug\u00f3 al empate durante los 90 minutos.<\/p>\n","protected":false},"author":21381,"featured_media":9228,"comment_status":"closed","ping_status":"open","sticky":false,"template":"","format":"standard","meta":{"footnotes":""},"categories":[18],"tags":[454,513,43,44],"class_list":{"0":"post-9273","1":"post","2":"type-post","3":"status-publish","4":"format-standard","5":"has-post-thumbnail","7":"category-actualidad","8":"tag-actualidad","9":"tag-clausura-2015-2016","10":"tag-marca-personal","11":"tag-superclasico"},"_links":{"self":[{"href":"http:\/\/www.rincondelbulla.cl\/portal\/wp-json\/wp\/v2\/posts\/9273","targetHints":{"allow":["GET"]}}],"collection":[{"href":"http:\/\/www.rincondelbulla.cl\/portal\/wp-json\/wp\/v2\/posts"}],"about":[{"href":"http:\/\/www.rincondelbulla.cl\/portal\/wp-json\/wp\/v2\/types\/post"}],"author":[{"embeddable":true,"href":"http:\/\/www.rincondelbulla.cl\/portal\/wp-json\/wp\/v2\/users\/21381"}],"replies":[{"embeddable":true,"href":"http:\/\/www.rincondelbulla.cl\/portal\/wp-json\/wp\/v2\/comments?post=9273"}],"version-history":[{"count":6,"href":"http:\/\/www.rincondelbulla.cl\/portal\/wp-json\/wp\/v2\/posts\/9273\/revisions"}],"predecessor-version":[{"id":9285,"href":"http:\/\/www.rincondelbulla.cl\/portal\/wp-json\/wp\/v2\/posts\/9273\/revisions\/9285"}],"wp:featuredmedia":[{"embeddable":true,"href":"http:\/\/www.rincondelbulla.cl\/portal\/wp-json\/wp\/v2\/media\/9228"}],"wp:attachment":[{"href":"http:\/\/www.rincondelbulla.cl\/portal\/wp-json\/wp\/v2\/media?parent=9273"}],"wp:term":[{"taxonomy":"category","embeddable":true,"href":"http:\/\/www.rincondelbulla.cl\/portal\/wp-json\/wp\/v2\/categories?post=9273"},{"taxonomy":"post_tag","embeddable":true,"href":"http:\/\/www.rincondelbulla.cl\/portal\/wp-json\/wp\/v2\/tags?post=9273"}],"curies":[{"name":"wp","href":"https:\/\/api.w.org\/{rel}","templated":true}]}}