{"id":9290,"date":"2016-03-21T20:00:22","date_gmt":"2016-03-21T23:00:22","guid":{"rendered":"http:\/\/www.rincondelbulla.cl\/portal\/?p=9290"},"modified":"2016-03-22T16:36:53","modified_gmt":"2016-03-22T19:36:53","slug":"un-caballero-beccacece-se-disculpo-con-periodista-por-dichos-tras-el-superclasico","status":"publish","type":"post","link":"http:\/\/www.rincondelbulla.cl\/portal\/2016\/03\/21\/un-caballero-beccacece-se-disculpo-con-periodista-por-dichos-tras-el-superclasico\/","title":{"rendered":"Un caballero: Beccacece se disculp\u00f3 con periodista por dichos tras el Supercl\u00e1sico"},"content":{"rendered":"<figure id=\"attachment_8944\" aria-describedby=\"caption-attachment-8944\" style=\"width: 1100px\" class=\"wp-caption alignright\"><img loading=\"lazy\" decoding=\"async\" class=\"wp-image-8944 size-full\" src=\"http:\/\/www.rincondelbulla.cl\/portal\/wp-content\/uploads\/2016\/03\/beccacece3.jpg\" alt=\"\" width=\"1100\" height=\"733\" srcset=\"http:\/\/www.rincondelbulla.cl\/portal\/wp-content\/uploads\/2016\/03\/beccacece3.jpg 1100w, http:\/\/www.rincondelbulla.cl\/portal\/wp-content\/uploads\/2016\/03\/beccacece3-300x200.jpg 300w, http:\/\/www.rincondelbulla.cl\/portal\/wp-content\/uploads\/2016\/03\/beccacece3-768x512.jpg 768w, http:\/\/www.rincondelbulla.cl\/portal\/wp-content\/uploads\/2016\/03\/beccacece3-696x464.jpg 696w, http:\/\/www.rincondelbulla.cl\/portal\/wp-content\/uploads\/2016\/03\/beccacece3-1068x712.jpg 1068w, http:\/\/www.rincondelbulla.cl\/portal\/wp-content\/uploads\/2016\/03\/beccacece3-630x420.jpg 630w\" sizes=\"auto, (max-width: 1100px) 100vw, 1100px\" \/><figcaption id=\"caption-attachment-8944\" class=\"wp-caption-text\">El DT argentino se habr\u00eda comunicado telef\u00f3nicamente con la profesional, a quien le ofreci\u00f3 las disculpas correspondientes &#8211; Foto: Claudio C\u00e1ceres<\/figcaption><\/figure>\n<p><strong>El DT azul hab\u00eda emplazado a la profesional de Radio Agricultura por las constantes preguntas que le formulaba por la situaci\u00f3n de no inclusi\u00f3n en la convocatoria de Leonardo Valencia. La conversaci\u00f3n entre ambos fue privada.<\/strong><!--more--><\/p>\n<p>Durante esta jornada, el t\u00e9cnico Sebasti\u00e1n Beccacecese contact\u00f3 telef\u00f3nicamente con la periodista Romina Mart\u00ednez, de Radio Agricultura, para pedirle las disculpas pertinentes luego del entrevero verbal que ambos protagonizaron tras el Supercl\u00e1sico, cuando la periodista le consult\u00f3 por la situaci\u00f3n de Leonardo Valencia, quien est\u00e1 marginado de las convocatorias por una falta disciplinaria.<\/p>\n<p>Los t\u00e9rminos de la conversaci\u00f3n entre la periodista y el argentino se manejan en el \u00e1mbito privado y se desconocen m\u00e1s antecedentes.<\/p>\n","protected":false},"excerpt":{"rendered":"<p>El DT azul hab\u00eda emplazado a la profesional de Radio Agricultura por las constantes preguntas que le formulaba por la situaci\u00f3n de no inclusi\u00f3n en la convocatoria de Leonardo Valencia. La conversaci\u00f3n entre ambos fue privada.<\/p>\n","protected":false},"author":21382,"featured_media":8944,"comment_status":"closed","ping_status":"open","sticky":false,"template":"","format":"standard","meta":{"footnotes":""},"categories":[18],"tags":[454,513,682,415,681,157,680,679,537,44,294,156],"class_list":{"0":"post-9290","1":"post","2":"type-post","3":"status-publish","4":"format-standard","5":"has-post-thumbnail","7":"category-actualidad","8":"tag-actualidad","9":"tag-clausura-2015-2016","10":"tag-disculpas","11":"tag-leonardo-valencia","12":"tag-periodista","13":"tag-portada","14":"tag-radio-agricultura","15":"tag-romina-martinez","16":"tag-sebastian-beccacece","17":"tag-superclasico","18":"tag-u-de-chile","19":"tag-universidad-de-chile"},"_links":{"self":[{"href":"http:\/\/www.rincondelbulla.cl\/portal\/wp-json\/wp\/v2\/posts\/9290","targetHints":{"allow":["GET"]}}],"collection":[{"href":"http:\/\/www.rincondelbulla.cl\/portal\/wp-json\/wp\/v2\/posts"}],"about":[{"href":"http:\/\/www.rincondelbulla.cl\/portal\/wp-json\/wp\/v2\/types\/post"}],"author":[{"embeddable":true,"href":"http:\/\/www.rincondelbulla.cl\/portal\/wp-json\/wp\/v2\/users\/21382"}],"replies":[{"embeddable":true,"href":"http:\/\/www.rincondelbulla.cl\/portal\/wp-json\/wp\/v2\/comments?post=9290"}],"version-history":[{"count":3,"href":"http:\/\/www.rincondelbulla.cl\/portal\/wp-json\/wp\/v2\/posts\/9290\/revisions"}],"predecessor-version":[{"id":9293,"href":"http:\/\/www.rincondelbulla.cl\/portal\/wp-json\/wp\/v2\/posts\/9290\/revisions\/9293"}],"wp:featuredmedia":[{"embeddable":true,"href":"http:\/\/www.rincondelbulla.cl\/portal\/wp-json\/wp\/v2\/media\/8944"}],"wp:attachment":[{"href":"http:\/\/www.rincondelbulla.cl\/portal\/wp-json\/wp\/v2\/media?parent=9290"}],"wp:term":[{"taxonomy":"category","embeddable":true,"href":"http:\/\/www.rincondelbulla.cl\/portal\/wp-json\/wp\/v2\/categories?post=9290"},{"taxonomy":"post_tag","embeddable":true,"href":"http:\/\/www.rincondelbulla.cl\/portal\/wp-json\/wp\/v2\/tags?post=9290"}],"curies":[{"name":"wp","href":"https:\/\/api.w.org\/{rel}","templated":true}]}}