{"id":93,"date":"2007-06-22T15:35:23","date_gmt":"2007-06-22T15:35:23","guid":{"rendered":"http:\/\/www.rincondelbulla.cl\/portal\/?p=93"},"modified":"2007-06-22T15:35:23","modified_gmt":"2007-06-22T15:35:23","slug":"ashwell-la-incoporacion-de-marcelo-esta-sujeta-a-una-conversacion-con-salah","status":"publish","type":"post","link":"http:\/\/www.rincondelbulla.cl\/portal\/2007\/06\/22\/ashwell-la-incoporacion-de-marcelo-esta-sujeta-a-una-conversacion-con-salah\/","title":{"rendered":"Ashwell: \u00abLa incoporaci\u00f3n de Marcelo est\u00e1 sujeta a una conversaci\u00f3n con Salah\u00bb"},"content":{"rendered":"<p><img decoding=\"async\" src=\"images\/stories\/salas2.jpg\" hspace=\"6\" alt=\"\" title=\"\" border=\"0\" style=\"float: left;\" \/><strong>El gerente deportivo de Azul Azul, el ex defensor de la U en los a&ntilde;os &#39;70 y &#39;80, Johnny Ashwell, dijo a Emol que un hipot&eacute;tico regreso de Marcelo Salas a Universidad de Chile requiere antes de una &quot;conversaci&oacute;n franca entre &eacute;l y Arturo Salah&quot;.<\/strong><br \/>El personero respondi&oacute; de esta forma al cambio que las &uacute;ltimas declaraciones del ex s&iacute;ndico<\/p>\n<p> <!--more-->  Jos&eacute; Manuel Edwards pudieran haber provocado en la intenci&oacute;n de los nuevos administradores del club por ficharlo. &quot;Lo que corresponde es que ellos tengan una conversaci&oacute;n, porque deben aclararse las cosas que aparecen en la entrevista, nada m&aacute;s que eso&quot;. <\/p>\n<p>Johnny Ashwell a&ntilde;adi&oacute; que &quot;es dif&iacute;cil juzgar, tengo una buena impresi&oacute;n del s&iacute;ndico, creo que lleg&oacute; a un ambiente dif&iacute;cil, demasiado expuesto medi&aacute;ticamente. Creo que hizo una gran labor, pero que se equivoc&oacute; en hablar de la forma en que lo hizo, porque sus palabras da&ntilde;an a la actividad&quot;.<\/p>\n<p>Ashwell explic&oacute; que a&uacute;n se &quot;negocian detalles del contrato&quot; que asegurar&aacute; a Salah como el nuevo DT de los azules, pero que esto no implica que haya trabas en las negociaciones. &quot;Tenemos una comunicaci&oacute;n muy flu&iacute;da y hemos avanzado bastante con Arturo, el lunes a las 17.30 horas deber&iacute;a hacerse la presentaci&oacute;n oficial&quot;, asegur&oacute;.<\/p>\n<p>En esa ocasi&oacute;n se conocer&aacute; el cuerpo t&eacute;cnico de los azules. &quot;Vamos por parte, primero vamos a asegurar la presencia de Arturo, despu&eacute;s su equipo de trabajo y finalmente los refuerzos. Este fin de semana esperamos avanzar con los nombres que pretende el t&eacute;cnico&quot;, se&ntilde;al&oacute; Ashwell.<\/p>\n<p>Respecto de los nombres que circulan en la prensa, como Jos&eacute; Luis Cabi&oacute;n (Melipilla), Juan Gonz&aacute;lez (Audax Italiano), Diego Rivarola y Marcelo Salas, ashwell se&ntilde;al&oacute; que &quot;no hemos hablado oficialmente con ning&uacute;n posible refuerzo. S&oacute;lo he tenido conversaciones con los juveniles que se iban a Canad&aacute; (Nicol&aacute;s Larrondo y Nicol&aacute;s Medina) y con Jos&eacute; Rojas, cuyo contrato terminaba. A los tres les dijimos que nos gustar&iacute;a que sigan en el club&quot;.<\/p>\n","protected":false},"excerpt":{"rendered":"<p>El gerente deportivo de Azul Azul, el ex defensor de la U en los a&ntilde;os &#39;70 y &#39;80, Johnny Ashwell, dijo a Emol que un hipot&eacute;tico regreso de Marcelo Salas a Universidad de Chile requiere antes de una &quot;conversaci&oacute;n franca entre &eacute;l y Arturo Salah&quot;.El personero respondi&oacute; de esta forma al cambio que las &uacute;ltimas [&#8230;]<\/p>\n","protected":false},"author":1,"featured_media":0,"comment_status":"open","ping_status":"open","sticky":false,"template":"","format":"standard","meta":{"footnotes":""},"categories":[18],"tags":[],"class_list":{"0":"post-93","1":"post","2":"type-post","3":"status-publish","4":"format-standard","6":"category-actualidad"},"_links":{"self":[{"href":"http:\/\/www.rincondelbulla.cl\/portal\/wp-json\/wp\/v2\/posts\/93","targetHints":{"allow":["GET"]}}],"collection":[{"href":"http:\/\/www.rincondelbulla.cl\/portal\/wp-json\/wp\/v2\/posts"}],"about":[{"href":"http:\/\/www.rincondelbulla.cl\/portal\/wp-json\/wp\/v2\/types\/post"}],"author":[{"embeddable":true,"href":"http:\/\/www.rincondelbulla.cl\/portal\/wp-json\/wp\/v2\/users\/1"}],"replies":[{"embeddable":true,"href":"http:\/\/www.rincondelbulla.cl\/portal\/wp-json\/wp\/v2\/comments?post=93"}],"version-history":[{"count":0,"href":"http:\/\/www.rincondelbulla.cl\/portal\/wp-json\/wp\/v2\/posts\/93\/revisions"}],"wp:attachment":[{"href":"http:\/\/www.rincondelbulla.cl\/portal\/wp-json\/wp\/v2\/media?parent=93"}],"wp:term":[{"taxonomy":"category","embeddable":true,"href":"http:\/\/www.rincondelbulla.cl\/portal\/wp-json\/wp\/v2\/categories?post=93"},{"taxonomy":"post_tag","embeddable":true,"href":"http:\/\/www.rincondelbulla.cl\/portal\/wp-json\/wp\/v2\/tags?post=93"}],"curies":[{"name":"wp","href":"https:\/\/api.w.org\/{rel}","templated":true}]}}