{"id":9324,"date":"2016-03-24T17:59:30","date_gmt":"2016-03-24T20:59:30","guid":{"rendered":"http:\/\/www.rincondelbulla.cl\/portal\/?p=9324"},"modified":"2016-03-24T21:19:21","modified_gmt":"2016-03-25T00:19:21","slug":"beccacece-logra-su-primer-triunfo-en-materia-judicial","status":"publish","type":"post","link":"http:\/\/www.rincondelbulla.cl\/portal\/2016\/03\/24\/beccacece-logra-su-primer-triunfo-en-materia-judicial\/","title":{"rendered":"Beccacece logra su primer triunfo en materia judicial"},"content":{"rendered":"<p><img loading=\"lazy\" decoding=\"async\" class=\"alignnone size-full wp-image-8113\" src=\"http:\/\/www.rincondelbulla.cl\/portal\/wp-content\/uploads\/2016\/01\/Beccacece-Pu\u00f1o.jpg\" alt=\"Beccacece Pu\u00f1o\" width=\"960\" height=\"640\" srcset=\"http:\/\/www.rincondelbulla.cl\/portal\/wp-content\/uploads\/2016\/01\/Beccacece-Pu\u00f1o.jpg 960w, http:\/\/www.rincondelbulla.cl\/portal\/wp-content\/uploads\/2016\/01\/Beccacece-Pu\u00f1o-300x200.jpg 300w, http:\/\/www.rincondelbulla.cl\/portal\/wp-content\/uploads\/2016\/01\/Beccacece-Pu\u00f1o-768x512.jpg 768w, http:\/\/www.rincondelbulla.cl\/portal\/wp-content\/uploads\/2016\/01\/Beccacece-Pu\u00f1o-696x464.jpg 696w, http:\/\/www.rincondelbulla.cl\/portal\/wp-content\/uploads\/2016\/01\/Beccacece-Pu\u00f1o-630x420.jpg 630w\" sizes=\"auto, (max-width: 960px) 100vw, 960px\" \/><\/p>\n<p><strong>En el d\u00eda de hoy el t\u00e9cnico azul, Sebasti\u00e1n Beccacece, obtuvo un importante triunfo en materia judicial, en cuanto el Juzgado de letras del trabajo lo favorecio, y la ANFP deber\u00e1 pagarle cuarenta y tres millones de pesos.<\/strong><!--more--><\/p>\n<p>El ex-ayudante de Sampaoli demandaba al ente rector del f\u00fatbol chileno al pago de una indemnizaci\u00f3n de cien millones de pesos, tras su salida del cuerpo t\u00e9cnico de la selecci\u00f3n en Noviembre pasado. Beccacece a\u00fan espera por su segunda demanda en contra de la ANFP, en la cual reclama el no pago de los premios pactados por haber logrado el ins\u00f3lito primer lugar en la pasada Copa Am\u00e9rica.<\/p>\n<p>El fallo se\u00f1ala se lee \u00abse acoge la demanda de cobro de prestaciones interpuesta por don Sebasti\u00e1n Andr\u00e9s Beccacece, en contra de Asociaci\u00f3n Nacional de F\u00fatbol Profesional, solo en cuanto se condena a la demandada a pagar al demandante la suma \u00fanica y total de $43.470.430 (cuarenta y tres millones cuatrocientos setenta mil cuatrocientos treinta pesos), por concepto de bono de desempe\u00f1o, seg\u00fan se indic\u00f3 en el considerando d\u00e9cimo quinto de esta sentencia\u00bb.<\/p>\n<p><img loading=\"lazy\" decoding=\"async\" class=\"alignnone size-full wp-image-9325\" src=\"http:\/\/www.rincondelbulla.cl\/portal\/wp-content\/uploads\/2016\/03\/Captura-de-pantalla-de-2016-03-24-175658.png\" alt=\"Captura de pantalla de 2016-03-24 17:56:58\" width=\"594\" height=\"169\" srcset=\"http:\/\/www.rincondelbulla.cl\/portal\/wp-content\/uploads\/2016\/03\/Captura-de-pantalla-de-2016-03-24-175658.png 594w, http:\/\/www.rincondelbulla.cl\/portal\/wp-content\/uploads\/2016\/03\/Captura-de-pantalla-de-2016-03-24-175658-300x85.png 300w\" sizes=\"auto, (max-width: 594px) 100vw, 594px\" \/><\/p>\n","protected":false},"excerpt":{"rendered":"<p>En el d\u00eda de hoy el t\u00e9cnico azul, Sebasti\u00e1n Beccacece, obtuvo un importante triunfo en materia judicial, en cuanto el Juzgado de letras del trabajo lo favorecio, y la ANFP deber\u00e1 pagarle cuarenta y tres millones de pesos.<\/p>\n","protected":false},"author":21381,"featured_media":8113,"comment_status":"closed","ping_status":"open","sticky":false,"template":"","format":"standard","meta":{"footnotes":""},"categories":[18],"tags":[454,385,537],"class_list":{"0":"post-9324","1":"post","2":"type-post","3":"status-publish","4":"format-standard","5":"has-post-thumbnail","7":"category-actualidad","8":"tag-actualidad","9":"tag-anfp","10":"tag-sebastian-beccacece"},"_links":{"self":[{"href":"http:\/\/www.rincondelbulla.cl\/portal\/wp-json\/wp\/v2\/posts\/9324","targetHints":{"allow":["GET"]}}],"collection":[{"href":"http:\/\/www.rincondelbulla.cl\/portal\/wp-json\/wp\/v2\/posts"}],"about":[{"href":"http:\/\/www.rincondelbulla.cl\/portal\/wp-json\/wp\/v2\/types\/post"}],"author":[{"embeddable":true,"href":"http:\/\/www.rincondelbulla.cl\/portal\/wp-json\/wp\/v2\/users\/21381"}],"replies":[{"embeddable":true,"href":"http:\/\/www.rincondelbulla.cl\/portal\/wp-json\/wp\/v2\/comments?post=9324"}],"version-history":[{"count":2,"href":"http:\/\/www.rincondelbulla.cl\/portal\/wp-json\/wp\/v2\/posts\/9324\/revisions"}],"predecessor-version":[{"id":9330,"href":"http:\/\/www.rincondelbulla.cl\/portal\/wp-json\/wp\/v2\/posts\/9324\/revisions\/9330"}],"wp:featuredmedia":[{"embeddable":true,"href":"http:\/\/www.rincondelbulla.cl\/portal\/wp-json\/wp\/v2\/media\/8113"}],"wp:attachment":[{"href":"http:\/\/www.rincondelbulla.cl\/portal\/wp-json\/wp\/v2\/media?parent=9324"}],"wp:term":[{"taxonomy":"category","embeddable":true,"href":"http:\/\/www.rincondelbulla.cl\/portal\/wp-json\/wp\/v2\/categories?post=9324"},{"taxonomy":"post_tag","embeddable":true,"href":"http:\/\/www.rincondelbulla.cl\/portal\/wp-json\/wp\/v2\/tags?post=9324"}],"curies":[{"name":"wp","href":"https:\/\/api.w.org\/{rel}","templated":true}]}}